{"id":652,"date":"2016-08-18T09:11:01","date_gmt":"2016-08-18T12:11:01","guid":{"rendered":"http:\/\/www.diadelpadre.org\/www\/?p=652"},"modified":"2016-08-18T09:11:38","modified_gmt":"2016-08-18T12:11:38","slug":"ley6127","status":"publish","type":"post","link":"http:\/\/www.diadelpadre.org\/www\/ley6127\/","title":{"rendered":"Ley 6127"},"content":{"rendered":"<p>Poder Legislativo<br \/>\nProvincia de Corrientes<\/p>\n<p>Ley\u00a0\u00a0N\u00ba\u00a06127<\/p>\n<p>EL HONORABLE SENADO Y LA HONORABLE C\u00c1MARA DE<br \/>\nDIPUTADOS DE LA PROVINCIA DE CORRIENTES, SANCIONAN CON FUERZA DE:<\/p>\n<p>L E Y<\/p>\n<p>ARTICULO 1\u00ba .- INSTITUYASE el d\u00eda 24 de agosto de cada a\u00f1o, como D\u00eda del Padre correntino, en honor a Jos\u00e9 Francisco de San Martin como acto de reafirmaci\u00f3n de nuestros valores e identidad correntina y nacional.-<\/p>\n<p>ARTICULO 2\u00ba . &#8211; ESTABLECESE que su celebraci\u00f3n se har\u00e1 el tercer domingo de agosto de cada a\u00f1o.-<\/p>\n<p>ARTICULO 3\u00ba . &#8211; INCLUYASE en el Calendario Escolar a trav\u00e9s del Ministerio de Educaci\u00f3n de la Provincia de Corrientes.-<\/p>\n<p>ARTICULO 4\u00ba . \u2013 EXHORTESE al Poder Ejecutivo provincial a dar amplia difusi\u00f3n a la celebraci\u00f3n instituida por la presente Ley a toda la comunidad correntina y a toda la naci\u00f3n argentina.-<\/p>\n<p>ARTICULO 5\u00ba . \u2013 COMUNICAR al Poder Ejecutivo.-<br \/>\nDADA en la Sala de Sesiones de la Honorable Legislatura de la Provincia de Corrientes, a los diecis\u00e9is d\u00edas del mes de Agosto del a\u00f1o dos mil doce.-<\/p>\n","protected":false},"excerpt":{"rendered":"<p>Poder Legislativo Provincia de Corrientes Ley\u00a0\u00a0N\u00ba\u00a06127 EL HONORABLE SENADO Y LA HONORABLE C\u00c1MARA DE DIPUTADOS DE LA PROVINCIA DE CORRIENTES, SANCIONAN CON FUERZA DE: L E Y ARTICULO 1\u00ba .- INSTITUYASE el d\u00eda 24 de agosto de cada a\u00f1o, como D\u00eda del Padre correntino, en honor a Jos\u00e9 Francisco de San Martin como acto de reafirmaci\u00f3n de nuestros valores e identidad correntina y nacional.- ARTICULO 2\u00ba . &#8211; ESTABLECESE que su celebraci\u00f3n se har\u00e1 el tercer domingo de agosto de cada a\u00f1o.- ARTICULO 3\u00ba . &#8211; INCLUYASE en el Calendario Escolar a trav\u00e9s del Ministerio de Educaci\u00f3n de la Provincia de Corrientes.- ARTICULO 4\u00ba . \u2013 EXHORTESE al Poder Ejecutivo provincial a dar amplia difusi\u00f3n a la celebraci\u00f3n instituida por la presente Ley a toda la comunidad correntina y a toda la naci\u00f3n argentina.- ARTICULO 5\u00ba . \u2013 COMUNICAR al Poder Ejecutivo.- DADA en la Sala de Sesiones de la Honorable Legislatura de la Provincia de Corrientes, a los diecis\u00e9is d\u00edas del mes de Agosto del a\u00f1o dos mil doce.-<\/p>\n","protected":false},"author":1,"featured_media":0,"comment_status":"open","ping_status":"open","sticky":false,"template":"","format":"standard","meta":{"footnotes":""},"categories":[24],"tags":[57,27,25,50],"class_list":["post-652","post","type-post","status-publish","format-standard","hentry","category-leyes","tag-corrientes","tag-diputados","tag-ley","tag-senado"],"_links":{"self":[{"href":"http:\/\/www.diadelpadre.org\/www\/wp-json\/wp\/v2\/posts\/652","targetHints":{"allow":["GET"]}}],"collection":[{"href":"http:\/\/www.diadelpadre.org\/www\/wp-json\/wp\/v2\/posts"}],"about":[{"href":"http:\/\/www.diadelpadre.org\/www\/wp-json\/wp\/v2\/types\/post"}],"author":[{"embeddable":true,"href":"http:\/\/www.diadelpadre.org\/www\/wp-json\/wp\/v2\/users\/1"}],"replies":[{"embeddable":true,"href":"http:\/\/www.diadelpadre.org\/www\/wp-json\/wp\/v2\/comments?post=652"}],"version-history":[{"count":1,"href":"http:\/\/www.diadelpadre.org\/www\/wp-json\/wp\/v2\/posts\/652\/revisions"}],"predecessor-version":[{"id":654,"href":"http:\/\/www.diadelpadre.org\/www\/wp-json\/wp\/v2\/posts\/652\/revisions\/654"}],"wp:attachment":[{"href":"http:\/\/www.diadelpadre.org\/www\/wp-json\/wp\/v2\/media?parent=652"}],"wp:term":[{"taxonomy":"category","embeddable":true,"href":"http:\/\/www.diadelpadre.org\/www\/wp-json\/wp\/v2\/categories?post=652"},{"taxonomy":"post_tag","embeddable":true,"href":"http:\/\/www.diadelpadre.org\/www\/wp-json\/wp\/v2\/tags?post=652"}],"curies":[{"name":"wp","href":"https:\/\/api.w.org\/{rel}","templated":true}]}}