{"id":625,"date":"2015-07-27T02:20:03","date_gmt":"2015-07-27T05:20:03","guid":{"rendered":"http:\/\/www.diadelpadre.org\/www\/?p=625"},"modified":"2015-07-27T02:20:03","modified_gmt":"2015-07-27T05:20:03","slug":"res3162000","status":"publish","type":"post","link":"http:\/\/www.diadelpadre.org\/www\/res3162000\/","title":{"rendered":"Resoluci\u00f3n 316\/2000"},"content":{"rendered":"<p><strong><u>RESOLUCION N\u00ba 316\/2000<\/u><\/strong><strong> \u2013 Direccion General de Escuelas de Mendoza<\/strong><\/p>\n<p><strong>\u00a0<\/strong><\/p>\n<p>RESOLUCI\u00d3N N\u00b0 316-DGE Incorporar al Calendario Escolar el 24 de Agosto como D\u00eda del Padre.<\/p>\n<p>MENDOZA, 08\/06\/00 &#8211; RESOLUCI\u00d3N N\u00b0 316-DGE<\/p>\n<p>&nbsp;<\/p>\n<p>VISTO el Expediente N\u00b0 6040-D-2000, en que se tramita la ampliaci\u00f3n de la Resoluci\u00f3n N\u00b0 00071-DGE- de fecha 11 de febrero del a\u00f1o 2000, por la que se aprob\u00f3 el Calendario Escolar para el Ciclo Lectivo 2000; y<\/p>\n<p>&nbsp;<\/p>\n<p>CONSIDERANDO:<\/p>\n<p>&nbsp;<\/p>\n<p>Que por Ley N\u00b0 5131 se instituy\u00f3 el d\u00eda 24 de agosto para la celebraci\u00f3n del \u00abD\u00eda del Padre\u00bb en la Provincia de Mendoza, en homenaje al General Jos\u00e9 de San Mart\u00edn, quien ha sido distinguido como Padre de la Patria;<\/p>\n<p>&nbsp;<\/p>\n<p>Que en este a\u00f1o se cumplen 150 a\u00f1os de la desaparici\u00f3n del mismo;<\/p>\n<p>&nbsp;<\/p>\n<p>Que el C\u00edrculo de Ex Cadetes del Liceo Militar General Espejo, como integrante de la comisi\u00f3n de homenaje a \u00abSan Mart\u00edn Padre\u00bb solicita la inclusi\u00f3n de esta fecha en el Calendario Escolar del ciclo Lectivo 2000, como FORMA 1;<\/p>\n<p>&nbsp;<\/p>\n<p>Que por lo expuesto precedentemente y teniendo en cuenta lo solicitado por Secretar\u00eda T\u00e9cnica de la Direcci\u00f3n de Educaci\u00f3n Inicial y Primaria a fs. 06, resulta procedente ampliar el contenido de la Resoluci\u00f3n N\u00b0 00071-DGE-2000<\/p>\n<p>Por ello,<\/p>\n<p>EL DIRECTOR GENERAL DE ESCUELAS<\/p>\n<p>R E S U E L V E :<\/p>\n<p>Art\u00edculo 1ro .- Ampl\u00edense, los t\u00e9rminos de la Resoluci\u00f3n N\u00b0 00071-DGE- de fecha 11 de febrero del a\u00f1o 2000, por la que se aprob\u00f3 el Calendario Escolar para el ciclo lectivo 2000, incorporando a la misma en el Punto 14.1, FORMA 1, el 24 de agosto, para la celebraci\u00f3n del \u00abD\u00eda del Padre\u00bb en homenaje al General Jos\u00e9 de San Mart\u00edn, sin suspensi\u00f3n de actividades.<\/p>\n<p>Art\u00edculo 2do .- Establ\u00e9zcase que la presente Resoluci\u00f3n ser\u00e1 publicada en el Bolet\u00edn Oficial.<\/p>\n<p>Art\u00edculo 3ro .- Comun\u00edquese a quienes corresponda e ins\u00e9rtese en el Libro de Resoluciones.<\/p>\n","protected":false},"excerpt":{"rendered":"<p>RESOLUCION N\u00ba 316\/2000 \u2013 Direccion General de Escuelas de Mendoza \u00a0 RESOLUCI\u00d3N N\u00b0 316-DGE Incorporar al Calendario Escolar el 24 de Agosto como D\u00eda del Padre. MENDOZA, 08\/06\/00 &#8211; RESOLUCI\u00d3N N\u00b0 316-DGE &nbsp; VISTO el Expediente N\u00b0 6040-D-2000, en que se tramita la ampliaci\u00f3n de la Resoluci\u00f3n N\u00b0 00071-DGE- de fecha 11 de febrero del a\u00f1o 2000, por la que se aprob\u00f3 el Calendario Escolar para el Ciclo Lectivo 2000; y &nbsp; CONSIDERANDO: &nbsp; Que por Ley N\u00b0 5131 se instituy\u00f3 el d\u00eda 24 de agosto para la celebraci\u00f3n del \u00abD\u00eda del Padre\u00bb en la Provincia de Mendoza, en homenaje al General Jos\u00e9 de San Mart\u00edn, quien ha sido distinguido como Padre de la Patria; &nbsp; Que en este a\u00f1o se cumplen 150 a\u00f1os de la desaparici\u00f3n del mismo; &nbsp; Que el C\u00edrculo de Ex Cadetes del Liceo Militar General Espejo, como integrante de la comisi\u00f3n de homenaje a \u00abSan Mart\u00edn Padre\u00bb solicita la inclusi\u00f3n de esta fecha en el Calendario Escolar del ciclo Lectivo 2000, como FORMA 1; &nbsp; Que por lo expuesto precedentemente y teniendo en cuenta lo solicitado por Secretar\u00eda T\u00e9cnica de la Direcci\u00f3n de Educaci\u00f3n Inicial y Primaria a fs. 06, resulta procedente ampliar el contenido de la Resoluci\u00f3n N\u00b0 00071-DGE-2000 Por ello, EL DIRECTOR GENERAL DE ESCUELAS R E S U E L V E : Art\u00edculo 1ro .- Ampl\u00edense, los t\u00e9rminos de la Resoluci\u00f3n N\u00b0 00071-DGE- de fecha 11 de febrero del a\u00f1o 2000, por la que se aprob\u00f3 el Calendario Escolar para el ciclo lectivo 2000, incorporando a la misma en el Punto 14.1, FORMA 1, el 24 de agosto, para la celebraci\u00f3n del \u00abD\u00eda del Padre\u00bb en homenaje al General Jos\u00e9 de San Mart\u00edn, sin suspensi\u00f3n de actividades. Art\u00edculo 2do .- Establ\u00e9zcase que la presente Resoluci\u00f3n ser\u00e1 publicada en el Bolet\u00edn Oficial. Art\u00edculo 3ro .- Comun\u00edquese a quienes corresponda e ins\u00e9rtese en el Libro de Resoluciones.<\/p>\n","protected":false},"author":1,"featured_media":0,"comment_status":"open","ping_status":"open","sticky":false,"template":"","format":"standard","meta":{"footnotes":""},"categories":[8],"tags":[],"class_list":["post-625","post","type-post","status-publish","format-standard","hentry","category-resoluciones"],"_links":{"self":[{"href":"http:\/\/www.diadelpadre.org\/www\/wp-json\/wp\/v2\/posts\/625","targetHints":{"allow":["GET"]}}],"collection":[{"href":"http:\/\/www.diadelpadre.org\/www\/wp-json\/wp\/v2\/posts"}],"about":[{"href":"http:\/\/www.diadelpadre.org\/www\/wp-json\/wp\/v2\/types\/post"}],"author":[{"embeddable":true,"href":"http:\/\/www.diadelpadre.org\/www\/wp-json\/wp\/v2\/users\/1"}],"replies":[{"embeddable":true,"href":"http:\/\/www.diadelpadre.org\/www\/wp-json\/wp\/v2\/comments?post=625"}],"version-history":[{"count":1,"href":"http:\/\/www.diadelpadre.org\/www\/wp-json\/wp\/v2\/posts\/625\/revisions"}],"predecessor-version":[{"id":627,"href":"http:\/\/www.diadelpadre.org\/www\/wp-json\/wp\/v2\/posts\/625\/revisions\/627"}],"wp:attachment":[{"href":"http:\/\/www.diadelpadre.org\/www\/wp-json\/wp\/v2\/media?parent=625"}],"wp:term":[{"taxonomy":"category","embeddable":true,"href":"http:\/\/www.diadelpadre.org\/www\/wp-json\/wp\/v2\/categories?post=625"},{"taxonomy":"post_tag","embeddable":true,"href":"http:\/\/www.diadelpadre.org\/www\/wp-json\/wp\/v2\/tags?post=625"}],"curies":[{"name":"wp","href":"https:\/\/api.w.org\/{rel}","templated":true}]}}