{"id":598,"date":"2013-07-25T11:47:32","date_gmt":"2013-07-25T14:47:32","guid":{"rendered":"http:\/\/www.diadelpadre.org\/www\/?p=598"},"modified":"2013-07-25T11:52:20","modified_gmt":"2013-07-25T14:52:20","slug":"prl1513d12","status":"publish","type":"post","link":"http:\/\/www.diadelpadre.org\/www\/prl1513d12\/","title":{"rendered":"Proyecto de Ley 1513-D-2012"},"content":{"rendered":"<p>Honorable C\u00e1mara de Diputados de la Naci\u00f3n<\/p>\n<p><strong>PROYECTO DE LEY<\/strong><\/p>\n<p>N\u00ba de Expediente: 1513-D-2012<br \/>\nTr\u00e1mite Parlamentario: 0017 (26\/03\/2012)<br \/>\nSumario:\t\u00abDIA DEL PADRE\u00bb: SE INSTITUYE COMO TAL EL 24 DE AGOSTO DE CADA A\u00d1O.<br \/>\nFirmantes: JURI, MARIANA.<br \/>\nGiro a Comisiones: FAMILIA, MUJER, NI\u00d1EZ Y ADOLESCENCIA; LEGISLACION GENERAL.<\/p>\n<p>El Senado y C\u00e1mara de Diputados,&#8230;<\/p>\n<p>Art\u00edculo 1\u00ba.- Instit\u00fayase el D\u00eda del Padre en todo el territorio nacional el d\u00eda 24 de agosto de cada a\u00f1o.<\/p>\n<p>Art\u00edculo 2\u00ba.- El General Don Jos\u00e9 de San Mart\u00edn ser\u00e1 el destinatario de los homenajes de ese d\u00eda, por todas las cualidades, virtudes y valores que lo distinguieron en su vida, as\u00ed como en su condici\u00f3n de padre ejemplar.<\/p>\n<p>Art\u00edculo 3\u00ba.- Comun\u00edquese y arch\u00edvese.<\/p>\n<p><strong>FUNDAMENTOS<\/strong><\/p>\n<p>Se\u00f1or presidente:<br \/>\nEl presente proyecto reconoce como antecedentes iniciativas de los Diputados Nacionales mandato cumplido V\u00edctor Fayad y Jos\u00e9 Luis Gioja entre otros, como as\u00ed tambi\u00e9n el expediente n\u00famero 3067- D-2010 de mi propia autor\u00eda que, atento a los plazos vigentes dispuestos por el reglamento de esta H. C\u00e1mara, perdi\u00f3 estado parlamentario, todo ellos tendientes a instituir el d\u00eda 24 de agosto como celebraci\u00f3n del D\u00eda Padre en homenaje al general Jos\u00e9 de San Mart\u00edn, Padre de la Patria.<\/p>\n<p>El 24 de agosto de 1816, cuando el General San Mart\u00edn, entonces gobernador intendente de Cuyo apuraba las gestiones para organizar la campa\u00f1a libertadora de Chile, naci\u00f3 en Mendoza su hija \u00fanica, Mercedes Tomasa.<\/p>\n<p>Lo propio del padre es engendrar la vida, servir a la vida. San Mart\u00edn posey\u00f3 la paternidad propia de los grandes, porque fue padre de nuestra patria y de otras naciones hermanas de Am\u00e9rica. Como padre supo educar a su hija y breg\u00f3 por la educaci\u00f3n de los pueblos a quienes dio libertad.<\/p>\n<p>San Mart\u00edn como padre cabal, fue el formador de la conciencia moral de su hija. Las m\u00e1ximas que dict\u00f3 para guiar su educaci\u00f3n, nos muestran un padre preocupado en trazar las normas de conducta que hicieran de Mercedes una mujer virtuosa, es decir, una personalidad aut\u00e9ntica. Sab\u00eda que la virtud no se adquiere por repetici\u00f3n de palabras, sino por repetici\u00f3n de actos. Por ello conoc\u00eda la necesidad de trazar l\u00edneas claras de ideales orientadores para conseguir actos nobles y correctos.<\/p>\n<p>Las m\u00e1ximas son actuales, constituyen un elemento necesario en todo plan de educaci\u00f3n. Son una fuente de sugerencias, orientaciones, concejos, normas de conducta y de convivencia permanentes. Son gu\u00eda para padres y maestros.<\/p>\n<p>Su testamento confirma su triunfo como padre: \u00abAunque es verdad que todos mis anhelos no han tenido otro objeto que el bien de mi hija amada, debo confesar que la honrada conducta de \u00e9sta y el constante cari\u00f1o y esmero que siempre me ha manifestado, han recompensado con usura mis esmeros haciendo mi vejez feliz.\u00bb<\/p>\n<p>Por eso le recomiendo que contin\u00fae con el mismo cuidado la educaci\u00f3n de sus hijas, \u00absi es que quiere tener la misma suerte\u00bb que \u00e9l ha tenido.<\/p>\n<p>Como padre, San Mart\u00edn supo educara a su hija con el ejemplo de una vida austera, de renunciamientos y de entrega a los grandes ideales.<\/p>\n<p>Nos preocupa recuperar la patria, es decir, recuperar el legado de los padres. Para esto debemos mirar el ejemplo de nuestros padres. Por eso, porque San Mart\u00edn representa para los argentinos ese ideal, solicitamos que este Honorable Congreso instituya el d\u00eda 24 de agosto como el D\u00eda del Padre.<\/p>\n<p>Sin desmerecer la costumbre establecida en nuestro pa\u00eds de festejar el D\u00eda de Padre el tercer domingo de junio, la cual deviene de la recordaci\u00f3n impuesta por la Asociaci\u00f3n de Dirigentes de Ventas de Buenos Aires en homenaje a John Brece Dodd, un norteamericano padre de nueve hijos que se convirti\u00f3 en ejemplo de aquel pueblo, creemos que es deber del Estado ayudar a reestablecer las costumbres y la historia propias de nuestro pa\u00eds, honrando a pr\u00f3ceres y fechas patrias propias de nuestra historia.<\/p>\n<p>Con el respeto que nos merece esta motivaci\u00f3n, creemos que existen en nuestra historia hombres que representan nuestros propios paradigmas, sin contar para ello el n\u00famero de hijos, sino la calidad del padre, para que las nuevas generaciones tambi\u00e9n crezcan bajo el imperio de las ideas morales y de nacionalidad.<\/p>\n<p>Ante esto es que debemos cuidar y mantener, m\u00e1s que nunca, la Cultura de nuestra Naci\u00f3n, a trav\u00e9s del recuerdo constante de la rica historia Argentina, los s\u00edmbolos patri\u00f3ticos y a los pr\u00f3ceres nos sirven de ejemplo en el presente, y que nos deben inspirar para la formaci\u00f3n de hombres y mujeres forjados en los valores esenciales del sacrificio y la entrega por su pueblo.<\/p>\n<p>Si hemos de festejar el D\u00eda del Padre, que sea el del Padre de la Patria.<br \/>\nPor estas razones, y en v\u00edsperas del cumplimiento del bicentenario de nuestra naci\u00f3n propongo este proyecto y, solicito a mis pares, me acompa\u00f1en en su aprobaci\u00f3n.<\/p>\n","protected":false},"excerpt":{"rendered":"<p>Honorable C\u00e1mara de Diputados de la Naci\u00f3n PROYECTO DE LEY N\u00ba de Expediente: 1513-D-2012 Tr\u00e1mite Parlamentario: 0017 (26\/03\/2012) Sumario: \u00abDIA DEL PADRE\u00bb: SE INSTITUYE COMO TAL EL 24 DE AGOSTO DE CADA A\u00d1O. Firmantes: JURI, MARIANA. Giro a Comisiones: FAMILIA, MUJER, NI\u00d1EZ Y ADOLESCENCIA; LEGISLACION GENERAL. El Senado y C\u00e1mara de Diputados,&#8230; Art\u00edculo 1\u00ba.- Instit\u00fayase el D\u00eda del Padre en todo el territorio nacional el d\u00eda 24 de agosto de cada a\u00f1o. Art\u00edculo 2\u00ba.- El General Don Jos\u00e9 de San Mart\u00edn ser\u00e1 el destinatario de los homenajes de ese d\u00eda, por todas las cualidades, virtudes y valores que lo distinguieron en su vida, as\u00ed como en su condici\u00f3n de padre ejemplar. Art\u00edculo 3\u00ba.- Comun\u00edquese y arch\u00edvese. FUNDAMENTOS Se\u00f1or presidente: El presente proyecto reconoce como antecedentes iniciativas de los Diputados Nacionales mandato cumplido V\u00edctor Fayad y Jos\u00e9 Luis Gioja entre otros, como as\u00ed tambi\u00e9n el expediente n\u00famero 3067- D-2010 de mi propia autor\u00eda que, atento a los plazos vigentes dispuestos por el reglamento de esta H. C\u00e1mara, perdi\u00f3 estado parlamentario, todo ellos tendientes a instituir el d\u00eda 24 de agosto como celebraci\u00f3n del D\u00eda Padre en homenaje al general Jos\u00e9 de San Mart\u00edn, Padre de la Patria. El 24 de agosto de 1816, cuando el General San Mart\u00edn, entonces gobernador intendente de Cuyo apuraba las gestiones para organizar la campa\u00f1a libertadora de Chile, naci\u00f3 en Mendoza su hija \u00fanica, Mercedes Tomasa. Lo propio del padre es engendrar la vida, servir a la vida. San Mart\u00edn posey\u00f3 la paternidad propia de los grandes, porque fue padre de nuestra patria y de otras naciones hermanas de Am\u00e9rica. Como padre supo educar a su hija y breg\u00f3 por la educaci\u00f3n de los pueblos a quienes dio libertad. San Mart\u00edn como padre cabal, fue el formador de la conciencia moral de su hija. Las m\u00e1ximas que dict\u00f3 para guiar su educaci\u00f3n, nos muestran un padre preocupado en trazar las normas de conducta que hicieran de Mercedes una mujer virtuosa, es decir, una personalidad aut\u00e9ntica. Sab\u00eda que la virtud no se adquiere por repetici\u00f3n de palabras, sino por repetici\u00f3n de actos. Por ello conoc\u00eda la necesidad de trazar l\u00edneas claras de ideales orientadores para conseguir actos nobles y correctos. Las m\u00e1ximas son actuales, constituyen un elemento necesario en todo plan de educaci\u00f3n. Son una fuente de sugerencias, orientaciones, concejos, normas de conducta y de convivencia permanentes. Son gu\u00eda para padres y maestros. Su testamento confirma su triunfo como padre: \u00abAunque es verdad que todos mis anhelos no han tenido otro objeto que el bien de mi hija amada, debo confesar que la honrada conducta de \u00e9sta y el constante cari\u00f1o y esmero que siempre me ha manifestado, han recompensado con usura mis esmeros haciendo mi vejez feliz.\u00bb Por eso le recomiendo que contin\u00fae con el mismo cuidado la educaci\u00f3n de sus hijas, \u00absi es que quiere tener la misma suerte\u00bb que \u00e9l ha tenido. Como padre, San Mart\u00edn supo educara a su hija con el ejemplo de una vida austera, de renunciamientos y de entrega a los grandes ideales. Nos preocupa recuperar la patria, es decir, recuperar el legado de los padres. Para esto debemos mirar el ejemplo de nuestros padres. Por eso, porque San Mart\u00edn representa para los argentinos ese ideal, solicitamos que este Honorable Congreso instituya el d\u00eda 24 de agosto como el D\u00eda del Padre. Sin desmerecer la costumbre establecida en nuestro pa\u00eds de festejar el D\u00eda de Padre el tercer domingo de junio, la cual deviene de la recordaci\u00f3n impuesta por la Asociaci\u00f3n de Dirigentes de Ventas de Buenos Aires en homenaje a John Brece Dodd, un norteamericano padre de nueve hijos que se convirti\u00f3 en ejemplo de aquel pueblo, creemos que es deber del Estado ayudar a reestablecer las costumbres y la historia propias de nuestro pa\u00eds, honrando a pr\u00f3ceres y fechas patrias propias de nuestra historia. Con el respeto que nos merece esta motivaci\u00f3n, creemos que existen en nuestra historia hombres que representan nuestros propios paradigmas, sin contar para ello el n\u00famero de hijos, sino la calidad del padre, para que las nuevas generaciones tambi\u00e9n crezcan bajo el imperio de las ideas morales y de nacionalidad. Ante esto es que debemos cuidar y mantener, m\u00e1s que nunca, la Cultura de nuestra Naci\u00f3n, a trav\u00e9s del recuerdo constante de la rica historia Argentina, los s\u00edmbolos patri\u00f3ticos y a los pr\u00f3ceres nos sirven de ejemplo en el presente, y que nos deben inspirar para la formaci\u00f3n de hombres y mujeres forjados en los valores esenciales del sacrificio y la entrega por su pueblo. Si hemos de festejar el D\u00eda del Padre, que sea el del Padre de la Patria. Por estas razones, y en v\u00edsperas del cumplimiento del bicentenario de nuestra naci\u00f3n propongo este proyecto y, solicito a mis pares, me acompa\u00f1en en su aprobaci\u00f3n.<\/p>\n","protected":false},"author":1,"featured_media":0,"comment_status":"closed","ping_status":"closed","sticky":false,"template":"","format":"standard","meta":{"footnotes":""},"categories":[9,29],"tags":[27,25,30],"class_list":["post-598","post","type-post","status-publish","format-standard","hentry","category-legislacion","category-proyectos","tag-diputados","tag-ley","tag-proyecto"],"_links":{"self":[{"href":"http:\/\/www.diadelpadre.org\/www\/wp-json\/wp\/v2\/posts\/598","targetHints":{"allow":["GET"]}}],"collection":[{"href":"http:\/\/www.diadelpadre.org\/www\/wp-json\/wp\/v2\/posts"}],"about":[{"href":"http:\/\/www.diadelpadre.org\/www\/wp-json\/wp\/v2\/types\/post"}],"author":[{"embeddable":true,"href":"http:\/\/www.diadelpadre.org\/www\/wp-json\/wp\/v2\/users\/1"}],"replies":[{"embeddable":true,"href":"http:\/\/www.diadelpadre.org\/www\/wp-json\/wp\/v2\/comments?post=598"}],"version-history":[{"count":2,"href":"http:\/\/www.diadelpadre.org\/www\/wp-json\/wp\/v2\/posts\/598\/revisions"}],"predecessor-version":[{"id":610,"href":"http:\/\/www.diadelpadre.org\/www\/wp-json\/wp\/v2\/posts\/598\/revisions\/610"}],"wp:attachment":[{"href":"http:\/\/www.diadelpadre.org\/www\/wp-json\/wp\/v2\/media?parent=598"}],"wp:term":[{"taxonomy":"category","embeddable":true,"href":"http:\/\/www.diadelpadre.org\/www\/wp-json\/wp\/v2\/categories?post=598"},{"taxonomy":"post_tag","embeddable":true,"href":"http:\/\/www.diadelpadre.org\/www\/wp-json\/wp\/v2\/tags?post=598"}],"curies":[{"name":"wp","href":"https:\/\/api.w.org\/{rel}","templated":true}]}}