{"id":499,"date":"2012-06-06T11:10:35","date_gmt":"2012-06-06T14:10:35","guid":{"rendered":"http:\/\/www.diadelpadre.org\/www\/?p=499"},"modified":"2012-06-06T11:10:35","modified_gmt":"2012-06-06T14:10:35","slug":"odd1132s2005","status":"publish","type":"post","link":"http:\/\/www.diadelpadre.org\/www\/odd1132s2005\/","title":{"rendered":"Orden del D\u00eda N\u00ba1132"},"content":{"rendered":"<h4>CONGRESO NACIONAL<br \/>\nC\u00c1MARA DE SENADORES<\/p>\n<p>SESIONES ORDINARIAS<\/p>\n<p>2005<\/p>\n<p>ORDEN DEL DIA N\u00ba 1132<\/h4>\n<p><strong>COMISI\u00d3N DE LEGISLACI\u00d3N GENERAL<\/strong><\/p>\n<p>Impreso el d\u00eda 23 de Septiembre de 2005<\/p>\n<p>SUMARIO:<\/p>\n<p>Dictamen en el Proyecto de Ley venido en revisi\u00f3n por el que se instituye el 24 de agosto como el D\u00eda del Padre. (CD-152\/04)<\/p>\n<p>DICTAMEN DE LA COMISI\u00d3N<\/p>\n<p>Honorable C\u00e1mara:<\/p>\n<p>Vuesta Comisi\u00f3n de Legislaci\u00f3n General ha considerado el Proyecto de Ley venido en revisi\u00f3n (CD-152\/04) instituyendo el 24 de agosto de cada a\u00f1o, como el D\u00eda del Padre; y por razones que oportunamente dar\u00e1 el miembro informante, se aconseja la aprobaci\u00f3n del siguiente:<\/p>\n<p>PROYECTO DE LEY<\/p>\n<p>El Senado y C\u00e1mara de Diputados,&#8230;<\/p>\n<p>Art\u00edculo 1\u00ba \u2013 Instituyese como \u00abD\u00eda del Padre\u00bb el 24 de Agosto de cada a\u00f1o, el que se conmemorar\u00e1 el tercer domingo de agosto.<\/p>\n<p>Art\u00edculo 2\u00ba \u2013 En los establecimientos educativos se deber\u00e1 conmemorar el d\u00eda 24 de agosto de cada a\u00f1o y ser\u00e1 destinatario de este homenaje el General Don Jos\u00e9 de San Mart\u00edn, por su condici\u00f3n de padre ejemplo y por sus cualidades, virtudes y valores que lo distinguieron en su vida.<\/p>\n<p>Art. 3\u00ba \u2013 Comun\u00edquese al Poder Ejecutivo.<\/p>\n<p>Sala de las comisiones, 23 de agosto de 2004.-<\/p>\n<p>Liliana T. NEGRE de ALONSO &#8211; Nicol\u00e1s A. FERN\u00c1NDEZ &#8211; Norberto MASSONI &#8211; Celso A. JACQUE &#8211; Elva A. PAZ &#8211; Silvia E. GIUSTI<\/p>\n<p>En Disidencia: Graciela BAR.<br \/>\nEn Disidencia Total: Vilma L. IBARRA.<\/p>\n<p>SANCI\u00d3N DE LA HONORABLE C\u00c1MARA DE DIPUTADOS DE LA NACI\u00d3N<br \/>\n(16 de diciembre de 2004)<\/p>\n<p>PROYECTO DE LEY<\/p>\n<p>El Senado y C\u00e1mara de Diputados,&#8230;<\/p>\n<p>Art\u00edculo 1\u00ba \u2013 Instit\u00fayase como D\u00eda del Padre en todo el territorio nacional el d\u00eda 24 de agosto de cada a\u00f1o.<\/p>\n<p>Art\u00edculo 2\u00ba \u2013 El General Don Jos\u00e9 de San Mart\u00edn ser\u00e1 el destinatario de los homenajes de ese d\u00eda, por todas las casualidades, virtudes y valores que lo distinguieron en su vida, as\u00ed como en su condici\u00f3n de padre ejemplar.<\/p>\n<p>Art. 3\u00ba \u2013 Comun\u00edquese al Poder Ejecutivo.<\/p>\n<p>Eduardo O. CAMA\u00d1O<br \/>\nEduardo D. Rollano<\/p>\n<p>ACLARACI\u00d3N : El antecedente de la Sanci\u00f3n de la Honorable C\u00e1mara de Diputados, corresponde al proyecto de ley presentado por el diputado GUTI\u00c9RREZ.<\/p>\n","protected":false},"excerpt":{"rendered":"<p>CONGRESO NACIONAL C\u00c1MARA DE SENADORES SESIONES ORDINARIAS 2005 ORDEN DEL DIA N\u00ba 1132 COMISI\u00d3N DE LEGISLACI\u00d3N GENERAL Impreso el d\u00eda 23 de Septiembre de 2005 SUMARIO: Dictamen en el Proyecto de Ley venido en revisi\u00f3n por el que se instituye el 24 de agosto como el D\u00eda del Padre. (CD-152\/04) DICTAMEN DE LA COMISI\u00d3N Honorable C\u00e1mara: Vuesta Comisi\u00f3n de Legislaci\u00f3n General ha considerado el Proyecto de Ley venido en revisi\u00f3n (CD-152\/04) instituyendo el 24 de agosto de cada a\u00f1o, como el D\u00eda del Padre; y por razones que oportunamente dar\u00e1 el miembro informante, se aconseja la aprobaci\u00f3n del siguiente: PROYECTO DE LEY El Senado y C\u00e1mara de Diputados,&#8230; Art\u00edculo 1\u00ba \u2013 Instituyese como \u00abD\u00eda del Padre\u00bb el 24 de Agosto de cada a\u00f1o, el que se conmemorar\u00e1 el tercer domingo de agosto. Art\u00edculo 2\u00ba \u2013 En los establecimientos educativos se deber\u00e1 conmemorar el d\u00eda 24 de agosto de cada a\u00f1o y ser\u00e1 destinatario de este homenaje el General Don Jos\u00e9 de San Mart\u00edn, por su condici\u00f3n de padre ejemplo y por sus cualidades, virtudes y valores que lo distinguieron en su vida. Art. 3\u00ba \u2013 Comun\u00edquese al Poder Ejecutivo. Sala de las comisiones, 23 de agosto de 2004.- Liliana T. NEGRE de ALONSO &#8211; Nicol\u00e1s A. FERN\u00c1NDEZ &#8211; Norberto MASSONI &#8211; Celso A. JACQUE &#8211; Elva A. PAZ &#8211; Silvia E. GIUSTI En Disidencia: Graciela BAR. En Disidencia Total: Vilma L. IBARRA. SANCI\u00d3N DE LA HONORABLE C\u00c1MARA DE DIPUTADOS DE LA NACI\u00d3N (16 de diciembre de 2004) PROYECTO DE LEY El Senado y C\u00e1mara de Diputados,&#8230; Art\u00edculo 1\u00ba \u2013 Instit\u00fayase como D\u00eda del Padre en todo el territorio nacional el d\u00eda 24 de agosto de cada a\u00f1o. Art\u00edculo 2\u00ba \u2013 El General Don Jos\u00e9 de San Mart\u00edn ser\u00e1 el destinatario de los homenajes de ese d\u00eda, por todas las casualidades, virtudes y valores que lo distinguieron en su vida, as\u00ed como en su condici\u00f3n de padre ejemplar. Art. 3\u00ba \u2013 Comun\u00edquese al Poder Ejecutivo. Eduardo O. CAMA\u00d1O Eduardo D. Rollano ACLARACI\u00d3N : El antecedente de la Sanci\u00f3n de la Honorable C\u00e1mara de Diputados, corresponde al proyecto de ley presentado por el diputado GUTI\u00c9RREZ.<\/p>\n","protected":false},"author":1,"featured_media":0,"comment_status":"closed","ping_status":"closed","sticky":false,"template":"","format":"standard","meta":{"footnotes":""},"categories":[9,54],"tags":[56,55,28],"class_list":["post-499","post","type-post","status-publish","format-standard","hentry","category-legislacion","category-ordenes-del-dia","tag-dia","tag-orden","tag-senadores"],"_links":{"self":[{"href":"http:\/\/www.diadelpadre.org\/www\/wp-json\/wp\/v2\/posts\/499","targetHints":{"allow":["GET"]}}],"collection":[{"href":"http:\/\/www.diadelpadre.org\/www\/wp-json\/wp\/v2\/posts"}],"about":[{"href":"http:\/\/www.diadelpadre.org\/www\/wp-json\/wp\/v2\/types\/post"}],"author":[{"embeddable":true,"href":"http:\/\/www.diadelpadre.org\/www\/wp-json\/wp\/v2\/users\/1"}],"replies":[{"embeddable":true,"href":"http:\/\/www.diadelpadre.org\/www\/wp-json\/wp\/v2\/comments?post=499"}],"version-history":[{"count":0,"href":"http:\/\/www.diadelpadre.org\/www\/wp-json\/wp\/v2\/posts\/499\/revisions"}],"wp:attachment":[{"href":"http:\/\/www.diadelpadre.org\/www\/wp-json\/wp\/v2\/media?parent=499"}],"wp:term":[{"taxonomy":"category","embeddable":true,"href":"http:\/\/www.diadelpadre.org\/www\/wp-json\/wp\/v2\/categories?post=499"},{"taxonomy":"post_tag","embeddable":true,"href":"http:\/\/www.diadelpadre.org\/www\/wp-json\/wp\/v2\/tags?post=499"}],"curies":[{"name":"wp","href":"https:\/\/api.w.org\/{rel}","templated":true}]}}