{"id":494,"date":"2012-06-06T11:08:29","date_gmt":"2012-06-06T14:08:29","guid":{"rendered":"http:\/\/www.diadelpadre.org\/www\/?p=494"},"modified":"2012-06-06T11:08:29","modified_gmt":"2012-06-06T14:08:29","slug":"odd179804","status":"publish","type":"post","link":"http:\/\/www.diadelpadre.org\/www\/odd179804\/","title":{"rendered":"Orden del D\u00eda N\u00ba1798"},"content":{"rendered":"<h4>C\u00c1MARA DE DIPUTADOS DE LA NACI\u00d3N<\/p>\n<p>SESIONES ORDINARIAS<\/p>\n<p>2004<\/p>\n<p>ORDEN DEL DIA N\u00ba 1798<\/h4>\n<p><strong>COMISIONES DE LEGISLACI\u00d3N GENERAL<br \/>\nY DE FAMILIA, MUJER, NI\u00d1EZ Y<br \/>\nADOLESCENCIA<\/strong><\/p>\n<p>Impreso el d\u00eda 26 de noviembre de 2004<\/p>\n<p>T\u00e9rmino del art\u00edculo 113: 7 de diciembre de 2004<\/p>\n<p>SUMARIO: D\u00eda del Padre. Instit\u00fayese como tal el d\u00eda 24 de agosto de cada a\u00f1o.<\/p>\n<p>1. Guti\u00e9rrez. (F. V.) (3.008-D.-03.)<br \/>\n2. Storero. (393-D.-04.)<br \/>\n3. Rico. (777-D.-04)<br \/>\n4. Fayad. (2.534-D.-04)<br \/>\n5. Gioja. (4.018-D.-04.)<\/p>\n<p>Dictamen de las comisiones<\/p>\n<p>Honorable C\u00e1mara:<\/p>\n<p>Las comisiones de Legislaci\u00f3n General y de Familia, Mujer, Ni\u00f1ez y Adolescencia han considerado el proyecto de ley del se\u00f1or diputado Guti\u00e9rrez (F. V.); el proyecto de ley del se\u00f1or diputado Storero; el proyecto de ley de la se\u00f1ora diputada Rico y otros; el proyecto de ley del se\u00f1or diputado Fayad y el proyecto de ley del se\u00f1or diputado Gioja, todos ellos referidos a la instituci\u00f3n del d\u00eda 24 de agosto de cada a\u00f1o como D\u00eda del Padre; y, por las razones expuestas en los fundamentos que lo acompa\u00f1an y las que dar\u00e1 el miembro informante, aconsejan la sanci\u00f3n del siguiente<\/p>\n<p>PROYECTO DE LEY<\/p>\n<p>El Senado y C\u00e1mara de Diputados,&#8230;<\/p>\n<p>Art\u00edculo 1\u00ba \u2013 Instit\u00fayese como D\u00eda del Padre en todo el territorio nacional el d\u00eda 24 de agosto de cada a\u00f1o.<\/p>\n<p>Art. 2\u00ba \u2013 El general don Jos\u00e9 de San Mart\u00edn ser\u00e1 el destinatario de los homenajes de ese d\u00eda, por todas las cualidades, virtudes y valores que lo distinguieron en su vida, as\u00ed como en su condici\u00f3n de padre ejemplar.<\/p>\n<p>Art. 3\u00ba \u2013 Comun\u00edquese al Poder Ejecutivo.<\/p>\n<p>Sala de las comisiones, 18 de noviembre de 2004.<\/p>\n<p>Jorge L. Montoya. \u2013 Silvia V. Mart\u00ednez. \u2013 A\u00edda F. Maldonado. \u2013 Cinthya G. Hern\u00e1ndez. \u2013 Luis F. Cigogna. \u2013 Ana E. R. Richter. \u2013 Alberto J. Beccani. \u2013 Rosario M. Romero. \u2013 Mar\u00eda E. Barbagelata. \u2013 Gladys A. C\u00e1ceres. \u2013 Pascual Cappelleri. \u2013 Stella M. Cittadini. \u2013 Stella M. C\u00f3rdoba. \u2013 Mar\u00eda L. Chaya. \u2013 Marta S. De Brasi. \u2013 Daniel M. Esa\u00edn. \u2013 Paulina E. Fiol. \u2013 Luc\u00eda Gar\u00edn de Tula. \u2013 Eusebia A. Jerez. \u2013 Guillermo E. Johnson. \u2013 Mar\u00eda S. Leonelli. \u2013 Juliana I. Marino. \u2013 Heriberto E. Mediza. \u2013 Lucrecia E. Monti. \u2013 H\u00e9ctor T. Polino. \u2013 Mar\u00eda del Carmen Rico. \u2013 Irma Roy. \u2013 Rosa E. Tulio. \u2013 Jorge R. Vanossi.<\/p>\n<p>INFORME<\/p>\n<p>Honorable C\u00e1mara:<\/p>\n<p>Las comisiones de Legislaci\u00f3n General y de Familia, Mujer, Ni\u00f1ez y Adolescencia han considerado el proyecto de ley del se\u00f1or diputado Guti\u00e9rrez (F. V.); el proyecto de ley del se\u00f1or diputado Storero; el proyecto de ley de la se\u00f1ora diputada Rico y otros; el proyecto de ley del se\u00f1or diputado Fayad y el proyecto de ley del se\u00f1or diputado Gioja, todos ellos referidos a la instituci\u00f3n del d\u00eda 24 de agosto de cada a\u00f1o como D\u00eda del Padre; han estimado conveniente modificarlos por razones de t\u00e9cnica legislativa, unific\u00e1ndolos en un solo dictamen.<\/p>\n<p>Asimismo, creen innecesario abundar en m\u00e1s detalles que los expuestos en los fundamentos que los acompa\u00f1an, por los que los hacen suyos y as\u00ed lo expresan.<\/p>\n<p>Jorge Montoya.<\/p>\n<p>FUNDAMENTOS<\/p>\n<p>1<\/p>\n<p>Se\u00f1or presidente:<\/p>\n<p>Cuatro a\u00f1os despu\u00e9s de la instalaci\u00f3n de la Primera Junta de Gobierno, en 1814, el ilustre general Jos\u00e9 de San Mart\u00edn lleg\u00f3 con su esposa Remedios de Escalada a la provincia de Mendoza, y en ese lugar, el 24 de agosto de 1816, naci\u00f3 su \u00fanica hija, Merceditas.<\/p>\n<p>A pesar de los esfuerzos entregados a la causa americanista, el Libertador se distingui\u00f3 como padre.<\/p>\n<p>El dolor por la patria sumida en luchas fratricidas, los agravios por los que sufri\u00f3, la desgraciada muerte de su joven mujer, fueron mellando su salud y prefiri\u00f3 trasladarse a Europa junto con su hija.<\/p>\n<p>All\u00ed, en el Viejo Continente, redact\u00f3 las M\u00e1ximas, verdadero ejemplo de rectitud y de ense\u00f1anza moral que a\u00fan pervive entre los hombres y mujeres de buena voluntad.<\/p>\n<p>Constituyeron para su hija un verdadero plan educativo de \u00edndole moral, que conserva plena actualidad a pesar del paso de los a\u00f1os.<\/p>\n<p>En 1844, en su testamento, San Mart\u00edn declar\u00f3: \u201cTodos mis anhelos no han tenido otro objeto que mi hija amada\u201d.<\/p>\n<p>En 1953 fue presentada ante la Direcci\u00f3n General de Escuelas de Mendoza la iniciativa de declarar el 24 de agosto como D\u00eda del Padre, y fue aceptada.<\/p>\n<p>Posteriormente, el Consejo de Educaci\u00f3n de la Naci\u00f3n dispuso incluir esa fecha en el calendario escolar de todo el pa\u00eds.<\/p>\n<p>Sin embargo, la presi\u00f3n de diversos grupos determin\u00f3 el \u201colvido\u201d de incluir esta disposici\u00f3n en el calendario escolar a partir de 1957, y la omisi\u00f3n fue aprovechada para imponer el tercer domingo de junio como el D\u00eda del Padre norteamericano, en homenaje a mister John Bruce Dodd, considerado ejemplo en su pa\u00eds natal, por haberse hecho cargo de sus nueve hijos al quedar viudo en plena juventud.<\/p>\n<p>Se\u00f1or presidente: creo que las palabras que justifiquen este reclamo est\u00e1n de m\u00e1s. S\u00f3lo las escuelas de la provincia de Mendoza se mantuvieron fieles al Libertador y celebraron durante medio siglo el D\u00eda del Padre el 24 de agosto de cada a\u00f1o. El 30 de junio de 1982 se reafirm\u00f3 esa fecha, cuando la gobernaci\u00f3n provincial la instituy\u00f3 oficialmente.<\/p>\n<p>M\u00e1s que nunca, se\u00f1or presidente, debemos aprovechar esta nueva instancia pol\u00edtica, abierta despu\u00e9s del 25 de mayo, que se avizora comprometida a favor de un visi\u00f3n nacional, para comenzar a proyectar pol\u00edticas de incorporaci\u00f3n en estos temas en los \u00e1mbitos cotidianos.<\/p>\n<p>Debemos procurar a partir de este momento que las iniciativas proyectadas incorporen este sentir nacional a cada una de nuestras cosas.<\/p>\n<p>Estoy convencido, se\u00f1or presidente, que nuestros diputados nacionales expresan lo mismo y est\u00e1n en esta l\u00ednea de pensamiento.<\/p>\n<p>Este reclamo, que hasta parecer\u00eda un tema menor, construye las conciencias y despierta el mensaje de argentinidad que debemos ayudar a prevalecer.<\/p>\n<p>Por todo ello es que solicito a los se\u00f1ores diputados que acompa\u00f1en con su voto este proyecto de ley.<\/p>\n<p>Francisco V. Guti\u00e9rrez.<\/p>\n<p>2<\/p>\n<p>Se\u00f1or presidente:<\/p>\n<p>El presente proyecto reconoce como antecedente diversas iniciativas y propuestas de sectores oficiales y privados tendientes a instituir el d\u00eda 24 de agosto como el destinado a la celebraci\u00f3n del D\u00eda del Padre en homenaje al general Jos\u00e9 de San Mart\u00edn, padre de la patria.<\/p>\n<p>Entre los citados antecedentes podemos mencionar la resoluci\u00f3n 1.418 del 10 de julio de 2000, del Honorable Concejo Deliberante de General Alvear, provincia de Mendoza, por la cual se solicita al Poder Ejecutivo provincial establecer en forma definitiva la fecha antes mencionada y\/o el tercer domingo del mes de agosto para la celebraci\u00f3n del D\u00eda del padre, en conmemoraci\u00f3n al padre de la patria, general Jos\u00e9 de San Mart\u00edn.<\/p>\n<p>A su vez, fueron numerosas las iniciativas parlamentarias que tuvieran origen en esta Honorable C\u00e1mara, aunque lamentablemente ninguna de \u00e9stas tuvo tratamiento legislativo, perdiendo estado parlamentario en diversas oportunidades. Dichas iniciativas han tomado en consideraci\u00f3n una serie de datos y antecedentes que se han venido recabando.<\/p>\n<p>La m\u00e1s significativa quiz\u00e1 sea aquella que invoca que la fecha en la cual actualmente se celebra el D\u00eda del Padre fue establecida en memoria del estadounidense John Bruce Dodd, un padre ejemplar, quien, no obstante sus m\u00e9ritos y virtudes personales, resulta ajeno a nuestra realidad hist\u00f3rica y tradiciones. En este orden de ideas, ser\u00eda preferible considerar para el caso la figura de San Mart\u00edn en su calidad de padre de nuestra patria e instituir para su celebraci\u00f3n el 24 de agosto, que corresponde al nacimiento de su hija, Mercedes Tomasa.<\/p>\n<p>Teniendo en cuenta lo expuesto y la importancia que reviste en nuestro presente destacar la vida y obra de hombres y mujeres verdaderamente representativos de nuestra identidad nacional, por constituir ejemplos positivos y alentadores para nuestra sociedad, considero en este sentido que el general San Mart\u00edn constituye un modelo que merece mayor difusi\u00f3n y conocimiento por parte de las nuevas generaciones, en raz\u00f3n de sus virtudes patri\u00f3ticas y tambi\u00e9n por sus cualidades de padre ejemplar, puestas de manifiesto en sus M\u00e1ximas y a trav\u00e9s de testimonios de la \u00e9poca, cualidades que supo desarrollar no obstante su alto grado de compromiso para con sus ideales.<\/p>\n<p>Es por ello que solicito a mis pares la aprobaci\u00f3n del presente proyecto de ley.<\/p>\n<p>Hugo G. Storero.<\/p>\n<p>3<\/p>\n<p>Se\u00f1or presidente:<\/p>\n<p>La presente iniciativa, adem\u00e1s de surgir del reclamo de una buena parte de nuestra sociedad que espera por una reparaci\u00f3n hist\u00f3rica para con el h\u00e9roe m\u00e1ximo de nuestra independencia, nace de la necesidad imperiosa de reconstruir esta rep\u00fablica que padece hambre, producto de la falta de trabajo, pero que tambi\u00e9n padece la crisis moral m\u00e1s profunda de su historia. Si bien la figura de Jos\u00e9 de San Mart\u00edn tiene un destacado lugar en los manuales escolares de nuestros ni\u00f1os y adolescentes, a la vez que se recuerda su protagonismo en la gesta de nuestra independencia a trav\u00e9s del feriado nacional del 17 de agosto \u2013aniversario de su muerte\u2013, creemos que es de fundamental importancia para los momentos que vive nuestra patria el valernos de su insigne ejemplo, para ense\u00f1ar a nuestros j\u00f3venes aquellos valores que lo distinguieron y que hicieron de \u00e9l un gran hombre, m\u00e1s all\u00e1 de sus condiciones de estratega militar.<\/p>\n<p>Poseemos abundante documentaci\u00f3n, a trav\u00e9s de su correspondencia, que nos muestra al hombre de carne y hueso, al padre amoroso, preocupado y ocupado por el bienestar y la educaci\u00f3n de su \u00fanica hija, Mercedes, a quien supo dejarle la herencia m\u00e1s preciada y compartida hoy por todos los argentinos, un proyecto de patria independiente, soberana y comprometida con sus hermanas latinoamericanas.<\/p>\n<p>Hoy, m\u00e1s que nunca, es menester que rescatemos del olvido aquella faceta del h\u00e9roe de bronce para darle vida en nuestros j\u00f3venes al hombre, al padre, a aquel que supo luchar por el sue\u00f1o americano.<\/p>\n<p>Antecedentes:<\/p>\n<p>1. El 24 de agosto de 1816 naci\u00f3 en Mendoza Mercedes Tomasa, \u00fanica hija del general don Jos\u00e9 de San Mart\u00edn.<\/p>\n<p>2. En 1953 se present\u00f3 ante la Direcci\u00f3n General de Escuelas de Mendoza la iniciativa para declarar el 24 de agosto como D\u00eda del Padre, en homenaje al Libertador San Mart\u00edn.<\/p>\n<p>3. Por resoluci\u00f3n 192-T.-53, se instituy\u00f3 en el calendario escolar de la provincia de Mendoza el D\u00eda del Padre, para celebrarse en todos los establecimientos educacionales el 24 de agosto.<\/p>\n<p>4. El 22 de octubre de 1956 el Consejo de Educaci\u00f3n de la Naci\u00f3n dispuso la inclusi\u00f3n del \u201c24 de agosto &#8211; D\u00eda del Padre\u201d en el calendario escolar de todo el pa\u00eds (expediente 84.056\/53).<\/p>\n<p>5. En 1957, el Consejo Nacional de Educaci\u00f3n olvid\u00f3 incluir la fecha en el calendario escolar.<\/p>\n<p>6. A partir de esta omisi\u00f3n, y de una campa\u00f1a publicitaria, comenz\u00f3 a imponerse el tercer domingo de junio como D\u00eda del Padre, en homenaje a John Bruce Dodd, padre norteamericano ajeno a nuestros afectos y tradiciones.<\/p>\n<p>7. S\u00f3lo las escuelas de Mendoza se mantuvieron fieles a su Libertador, conmemorando el 24 de agosto como D\u00eda del Padre, durante medio siglo.<\/p>\n<p>8. En 1982, mediante el decreto 2.119\/82, se instituye oficialmente en el \u00e1mbito de la provincia de Mendoza el 24 de agosto como el D\u00eda del Padre.<\/p>\n<p>9. En 1986, la Honorable Legislatura de Mendoza convirti\u00f3 en ley 5.131 el proyecto 24 de agosto, D\u00eda del Padre.<\/p>\n<p>10. Hubo intentos por dictar una ley nacional, a partir de proyectos presentados por diputados nacionales de Mendoza en 1964, 1992 y 1997, pero ninguno de \u00e9stos prosper\u00f3.<\/p>\n<p>Por esto y lo anteriormente expuesto, solicito a mis pares la aprobaci\u00f3n del presente proyecto de ley.<\/p>\n<p>Mar\u00eda del Carmen Rico. \u2013 Guillermo Amstutz. \u2013 Norma R. Pilati.<\/p>\n<p>4<\/p>\n<p>Se\u00f1or presidente:<\/p>\n<p>El 24 de agosto 1816, cuando el gobernador intendente de Cuyo apuraba las gestiones para organizar la campa\u00f1a libertadora de Chile, naci\u00f3 en Mendoza su \u00fanica hija, Mercedes Tomasa.<\/p>\n<p>Lo propio del padre es engendrar la vida, servir a la vida. San Mart\u00edn posey\u00f3 la paternidad propia de los grandes, porque fue padre de nuestra patria y de otras naciones hermanas de Am\u00e9rica. Como padre supo educar a su hija y breg\u00f3 por la educaci\u00f3n de los pueblos a quienes dio libertad.<\/p>\n<p>San Mart\u00edn, como padre cabal, fue el formador de la conciencia moral de su hija. Las M\u00e1ximas que dict\u00f3 para guiar su educaci\u00f3n, nos muestran a un padre preocupado en trazar las normas de conducta que hicieran de Mercedes una mujer virtuosa, es decir, una personalidad aut\u00e9ntica. Sab\u00eda que la virtud no se adquiere por repetici\u00f3n de palabras, sino por repetici\u00f3n de actos. Por ello conoc\u00eda la necesidad de trazar l\u00edneas claras e ideales orientadores para conseguir actos nobles y correctos.<\/p>\n<p>Las M\u00e1ximas son actuales, constituyen un elemento necesario en todo plan de educaci\u00f3n. Son una fuente de sugerencias, orientaciones, consejos, normas de conducta y de convivencia permanentes. Son gu\u00eda para padres y maestros.<\/p>\n<p>Su testamento confirma su triunfo como padre:<br \/>\n\u201cAunque es verdad que todos mis anhelos no han tenido otro objeto que el bien de mi hija amada, debo confesar que la honrada conducta de \u00e9sta y el constante cari\u00f1o y esmero que siempre me ha manifestado, han recompensado con usura mis esmeros haciendo mi vejez feliz\u201d. Por eso le recomienda que contin\u00fae con el mismo cuidado la educaci\u00f3n de sus hijas, \u201csi es que quiere tener la misma suerte\u201d que \u00e9l ha tenido.<\/p>\n<p>Como padre San Mart\u00edn supo educar a su hija con el ejemplo de una vida austera, de renunciamientos y de entrega a los grandes ideales.<\/p>\n<p>Como argentinos de este fin de milenio, nos preocupa recuperar la patria, es decir, recuperar el legado de los padres. Para esto debemos mirar el ejemplo de nuestros padres. Por eso, porque San Mart\u00edn representa para los argentinos ese ideal, solicitamos que este Honorable Congreso instituya el d\u00eda 24 de agosto como el D\u00eda del Padre.<\/p>\n<p>Consideramos importante que no se sobrepongan intereses comerciales a los aut\u00e9nticos valores de nuestra patria, sustituy\u00e9ndolos por un mero af\u00e1n consumista promovido por quienes necesitan fijar un d\u00eda de algo o alguien para obligar a la gente a comprar.<\/p>\n<p>El arraigo en las costumbres de festejar el D\u00eda del Padre el tercer domingo de junio, deviene de la recordaci\u00f3n impuesta por la Asociaci\u00f3n de Dirigentes de Ventas de Buenos Aires en homenaje a John Bruce Dodd, un norteamericano padre de nueve hijos que se convirti\u00f3 en ejemplo de aquel pueblo.<\/p>\n<p>Con el respeto que nos merece esta motivaci\u00f3n, creemos que existen en nuestra historia hombres que representan nuestros propios paradigmas, sin contar para ello el n\u00famero de hijos, sino la calidad del padre.<\/p>\n<p>Si hemos de festejar el D\u00eda del Padre, que sea el del Padre de la Patria y padre ejemplar, Jos\u00e9 de San Mart\u00edn.<\/p>\n<p>Por estas razones, y acerc\u00e1ndonos a los 150 a\u00f1os de su muerte, que se cumplen el 17 de agosto de 2000, propongo este proyecto y solicito a mis pares me acompa\u00f1en en su aprobaci\u00f3n.<\/p>\n<p>V\u00edctor M. F. Fayad.<\/p>\n<p>5<\/p>\n<p>Se\u00f1or presidente:<\/p>\n<p>En la Rep\u00fablica Argentina se acostumbra celebrar el D\u00eda del Padre el tercer domingo del mes de junio, fecha que se emula a la fijada en un pa\u00eds extranjero que la adopt\u00f3 con el fin de homenajear a un ciudadano determinado. Existiendo en nuestro pa\u00eds numerosos casos ejemplares de paternidad, que merecen ser tenidos en cuenta como paradigma a la hora de establecer una fecha determinada para que se rinda homenaje al padre como figura protectora de la familia.<\/p>\n<p>Desde hace tiempo las asociaciones sanmartinianas del pa\u00eds y numerosas otras instituciones culturales y educativas, adheridas a la iniciativa, vienen solicitando insistentemente que el D\u00eda del Padre en la Rep\u00fablica Argentina sea fijado, oficialmente, el d\u00eda 24 de agosto, por ser la fecha que recuerda el nacimiento de Mercedes Tomasa de San Mart\u00edn, en 1816, hija del general Jos\u00e9 de San Mart\u00edn.<\/p>\n<p>Las razones en que dichas organizaciones fundamentan su pedido surgen espont\u00e1neamente de la admiraci\u00f3n que el pueblo argentino, en su totalidad, siente por la figura del pr\u00f3cer en su condici\u00f3n de padre, desde cuando su hija qued\u00f3 hu\u00e9rfana de madre a la temprana edad de seis a\u00f1os, haci\u00e9ndose cargo personalmente de su educaci\u00f3n, teniendo como base aquellas inmortales M\u00e1ximas para mi hija, que \u00e9l mismo redact\u00f3 con singular ternura y sabidur\u00eda.<\/p>\n<p>Una decisi\u00f3n de esta naturaleza, para la que son tenidos en cuenta valores morales y espirituales que, en la figura de quien es considerado Padre de la Patria, surgen inconfundibles en cada rasgo de su personalidad y resaltan en el celo con que dedica los \u00faltimos a\u00f1os de su vida, desde su alejamiento de las armas, al cuidado y educaci\u00f3n de su \u00fanica hija. Actitud que no requiere abundar en consideraciones de otro car\u00e1cter para ser propuesta como s\u00edmbolo nacional del homenaje que se desea ofrecer a la figura paterna.<\/p>\n<p>Por las razones expuestas, solicito a mis pares que acompa\u00f1en el presente proyecto.<\/p>\n<p>Juan C. Gioja.<\/p>\n<p>ANTECEDENTES<\/p>\n<p>1<\/p>\n<p>PROYECTO DE LEY<\/p>\n<p>El Senado y C\u00e1mara de Diputados,&#8230;<\/p>\n<p>MODIFICACI\u00d3N DE LA CONMEMORACI\u00d3N DEL DIA DEL PADRE, ESTABLECI\u00c9NDOLO<br \/>\nEL 24 DE AGOSTO DE CADA A\u00d1O<\/p>\n<p>Art\u00edculo 1\u00ba \u2013 Decl\u00e1rese como fecha conmemorativa del D\u00eda del Padre los 24 de agosto de cada a\u00f1o, en homenaje a la paternidad ejemplar del general don Jos\u00e9 de San Mart\u00edn.<\/p>\n<p>Art. 2\u00ba \u2013 A los fines dispuestos en el art\u00edculo precedente, se dispone se extienda a todo el territorio argentino, en recordaci\u00f3n a la fecha que fue padre el ilustre Libertador.<\/p>\n<p>Art. 3\u00ba \u2013 Comun\u00edquese al Poder Ejecutivo.<\/p>\n<p>Francisco V. Guti\u00e9rrez.<\/p>\n<p>2<\/p>\n<p>El Senado y C\u00e1mara de Diputados,&#8230;<\/p>\n<p>Art\u00edculo 1\u00b0 \u2013 Instit\u00fayese el 24 de agosto, d\u00eda del natalicio de Mercedes de San Mart\u00edn, hija del general Jos\u00e9 de San Mart\u00edn, como fecha de celebraci\u00f3n del D\u00eda del Padre en homenaje al general Jos\u00e9 de San Mart\u00edn, Padre de la Patria.<\/p>\n<p>Art. 2\u00b0 \u2013 Comun\u00edquese al Poder Ejecutivo.<\/p>\n<p>Hugo G. Storero.<\/p>\n<p>3<\/p>\n<p>El Senado y C\u00e1mara de Diputados,\u2026<\/p>\n<p>Art\u00edculo 1\u00ba \u2013 Instit\u00fayase el 24 de agosto \u2013aniversario del nacimiento de la hija del Libertador San Mart\u00edn como el D\u00eda del Padre en todo el territorio de la Rep\u00fablica.<\/p>\n<p>Art. 2\u00ba \u2013 Comun\u00edquese al Poder Ejecutivo.<\/p>\n<p>Mar\u00eda del Carmen Rico. \u2013 Guillermo Amstutz. \u2013 Norma R. Pilati.<\/p>\n<p>4<\/p>\n<p>El Senado y C\u00e1mara de Diputados,\u2026<\/p>\n<p>Art\u00edculo 1\u00ba \u2013 Instit\u00fayese D\u00eda del Padre en todo el territorio nacional el d\u00eda 24 de agosto de cada a\u00f1o.<\/p>\n<p>Art. 2\u00ba \u2013 El general don Jos\u00e9 de San Mart\u00edn ser\u00e1 el destinatario de los homenajes de ese d\u00eda, por todas las cualidades, virtudes y valores que lo distinguieron en su vida, as\u00ed como en su condici\u00f3n de padre ejemplar.<\/p>\n<p>Art. 3\u00ba \u2013 Comun\u00edquese al Poder Ejecutivo.<\/p>\n<p>V\u00edctor M. F. Fayad.<\/p>\n<p>5<\/p>\n<p>El Senado y C\u00e1mara de Diputados,&#8230;<\/p>\n<p>Art\u00edculo 1\u00ba \u2013 Establecer el d\u00eda 24 de agosto de cada a\u00f1o como D\u00eda del Padre en la Rep\u00fablica Argentina.<\/p>\n<p>Art. 2\u00ba \u2013 Comun\u00edquese al Poder Ejecutivo.<\/p>\n<p>Juan C. Gioja.<\/p>\n","protected":false},"excerpt":{"rendered":"<p>C\u00c1MARA DE DIPUTADOS DE LA NACI\u00d3N SESIONES ORDINARIAS 2004 ORDEN DEL DIA N\u00ba 1798 COMISIONES DE LEGISLACI\u00d3N GENERAL Y DE FAMILIA, MUJER, NI\u00d1EZ Y ADOLESCENCIA Impreso el d\u00eda 26 de noviembre de 2004 T\u00e9rmino del art\u00edculo 113: 7 de diciembre de 2004 SUMARIO: D\u00eda del Padre. Instit\u00fayese como tal el d\u00eda 24 de agosto de cada a\u00f1o. 1. Guti\u00e9rrez. (F. V.) (3.008-D.-03.) 2. Storero. (393-D.-04.) 3. Rico. (777-D.-04) 4. Fayad. (2.534-D.-04) 5. Gioja. (4.018-D.-04.) Dictamen de las comisiones Honorable C\u00e1mara: Las comisiones de Legislaci\u00f3n General y de Familia, Mujer, Ni\u00f1ez y Adolescencia han considerado el proyecto de ley del se\u00f1or diputado Guti\u00e9rrez (F. V.); el proyecto de ley del se\u00f1or diputado Storero; el proyecto de ley de la se\u00f1ora diputada Rico y otros; el proyecto de ley del se\u00f1or diputado Fayad y el proyecto de ley del se\u00f1or diputado Gioja, todos ellos referidos a la instituci\u00f3n del d\u00eda 24 de agosto de cada a\u00f1o como D\u00eda del Padre; y, por las razones expuestas en los fundamentos que lo acompa\u00f1an y las que dar\u00e1 el miembro informante, aconsejan la sanci\u00f3n del siguiente PROYECTO DE LEY El Senado y C\u00e1mara de Diputados,&#8230; Art\u00edculo 1\u00ba \u2013 Instit\u00fayese como D\u00eda del Padre en todo el territorio nacional el d\u00eda 24 de agosto de cada a\u00f1o. Art. 2\u00ba \u2013 El general don Jos\u00e9 de San Mart\u00edn ser\u00e1 el destinatario de los homenajes de ese d\u00eda, por todas las cualidades, virtudes y valores que lo distinguieron en su vida, as\u00ed como en su condici\u00f3n de padre ejemplar. Art. 3\u00ba \u2013 Comun\u00edquese al Poder Ejecutivo. Sala de las comisiones, 18 de noviembre de 2004. Jorge L. Montoya. \u2013 Silvia V. Mart\u00ednez. \u2013 A\u00edda F. Maldonado. \u2013 Cinthya G. Hern\u00e1ndez. \u2013 Luis F. Cigogna. \u2013 Ana E. R. Richter. \u2013 Alberto J. Beccani. \u2013 Rosario M. Romero. \u2013 Mar\u00eda E. Barbagelata. \u2013 Gladys A. C\u00e1ceres. \u2013 Pascual Cappelleri. \u2013 Stella M. Cittadini. \u2013 Stella M. C\u00f3rdoba. \u2013 Mar\u00eda L. Chaya. \u2013 Marta S. De Brasi. \u2013 Daniel M. Esa\u00edn. \u2013 Paulina E. Fiol. \u2013 Luc\u00eda Gar\u00edn de Tula. \u2013 Eusebia A. Jerez. \u2013 Guillermo E. Johnson. \u2013 Mar\u00eda S. Leonelli. \u2013 Juliana I. Marino. \u2013 Heriberto E. Mediza. \u2013 Lucrecia E. Monti. \u2013 H\u00e9ctor T. Polino. \u2013 Mar\u00eda del Carmen Rico. \u2013 Irma Roy. \u2013 Rosa E. Tulio. \u2013 Jorge R. Vanossi. INFORME Honorable C\u00e1mara: Las comisiones de Legislaci\u00f3n General y de Familia, Mujer, Ni\u00f1ez y Adolescencia han considerado el proyecto de ley del se\u00f1or diputado Guti\u00e9rrez (F. V.); el proyecto de ley del se\u00f1or diputado Storero; el proyecto de ley de la se\u00f1ora diputada Rico y otros; el proyecto de ley del se\u00f1or diputado Fayad y el proyecto de ley del se\u00f1or diputado Gioja, todos ellos referidos a la instituci\u00f3n del d\u00eda 24 de agosto de cada a\u00f1o como D\u00eda del Padre; han estimado conveniente modificarlos por razones de t\u00e9cnica legislativa, unific\u00e1ndolos en un solo dictamen. Asimismo, creen innecesario abundar en m\u00e1s detalles que los expuestos en los fundamentos que los acompa\u00f1an, por los que los hacen suyos y as\u00ed lo expresan. Jorge Montoya. FUNDAMENTOS 1 Se\u00f1or presidente: Cuatro a\u00f1os despu\u00e9s de la instalaci\u00f3n de la Primera Junta de Gobierno, en 1814, el ilustre general Jos\u00e9 de San Mart\u00edn lleg\u00f3 con su esposa Remedios de Escalada a la provincia de Mendoza, y en ese lugar, el 24 de agosto de 1816, naci\u00f3 su \u00fanica hija, Merceditas. A pesar de los esfuerzos entregados a la causa americanista, el Libertador se distingui\u00f3 como padre. El dolor por la patria sumida en luchas fratricidas, los agravios por los que sufri\u00f3, la desgraciada muerte de su joven mujer, fueron mellando su salud y prefiri\u00f3 trasladarse a Europa junto con su hija. All\u00ed, en el Viejo Continente, redact\u00f3 las M\u00e1ximas, verdadero ejemplo de rectitud y de ense\u00f1anza moral que a\u00fan pervive entre los hombres y mujeres de buena voluntad. Constituyeron para su hija un verdadero plan educativo de \u00edndole moral, que conserva plena actualidad a pesar del paso de los a\u00f1os. En 1844, en su testamento, San Mart\u00edn declar\u00f3: \u201cTodos mis anhelos no han tenido otro objeto que mi hija amada\u201d. En 1953 fue presentada ante la Direcci\u00f3n General de Escuelas de Mendoza la iniciativa de declarar el 24 de agosto como D\u00eda del Padre, y fue aceptada. Posteriormente, el Consejo de Educaci\u00f3n de la Naci\u00f3n dispuso incluir esa fecha en el calendario escolar de todo el pa\u00eds. Sin embargo, la presi\u00f3n de diversos grupos determin\u00f3 el \u201colvido\u201d de incluir esta disposici\u00f3n en el calendario escolar a partir de 1957, y la omisi\u00f3n fue aprovechada para imponer el tercer domingo de junio como el D\u00eda del Padre norteamericano, en homenaje a mister John Bruce Dodd, considerado ejemplo en su pa\u00eds natal, por haberse hecho cargo de sus nueve hijos al quedar viudo en plena juventud. Se\u00f1or presidente: creo que las palabras que justifiquen este reclamo est\u00e1n de m\u00e1s. S\u00f3lo las escuelas de la provincia de Mendoza se mantuvieron fieles al Libertador y celebraron durante medio siglo el D\u00eda del Padre el 24 de agosto de cada a\u00f1o. El 30 de junio de 1982 se reafirm\u00f3 esa fecha, cuando la gobernaci\u00f3n provincial la instituy\u00f3 oficialmente. M\u00e1s que nunca, se\u00f1or presidente, debemos aprovechar esta nueva instancia pol\u00edtica, abierta despu\u00e9s del 25 de mayo, que se avizora comprometida a favor de un visi\u00f3n nacional, para comenzar a proyectar pol\u00edticas de incorporaci\u00f3n en estos temas en los \u00e1mbitos cotidianos. Debemos procurar a partir de este momento que las iniciativas proyectadas incorporen este sentir nacional a cada una de nuestras cosas. Estoy convencido, se\u00f1or presidente, que nuestros diputados nacionales expresan lo mismo y est\u00e1n en esta l\u00ednea de pensamiento. Este reclamo, que hasta parecer\u00eda un tema menor, construye las conciencias y despierta el mensaje de argentinidad que debemos ayudar a prevalecer. Por todo ello es que solicito a los se\u00f1ores diputados que acompa\u00f1en con su voto este proyecto de ley. Francisco V. Guti\u00e9rrez. 2 Se\u00f1or presidente: El presente proyecto reconoce como antecedente diversas iniciativas y propuestas de sectores oficiales y privados tendientes a instituir el d\u00eda 24 [&hellip;]<\/p>\n","protected":false},"author":1,"featured_media":0,"comment_status":"closed","ping_status":"closed","sticky":false,"template":"","format":"standard","meta":{"footnotes":""},"categories":[9,54],"tags":[26,56,27,55],"class_list":["post-494","post","type-post","status-publish","format-standard","hentry","category-legislacion","category-ordenes-del-dia","tag-camara","tag-dia","tag-diputados","tag-orden"],"_links":{"self":[{"href":"http:\/\/www.diadelpadre.org\/www\/wp-json\/wp\/v2\/posts\/494","targetHints":{"allow":["GET"]}}],"collection":[{"href":"http:\/\/www.diadelpadre.org\/www\/wp-json\/wp\/v2\/posts"}],"about":[{"href":"http:\/\/www.diadelpadre.org\/www\/wp-json\/wp\/v2\/types\/post"}],"author":[{"embeddable":true,"href":"http:\/\/www.diadelpadre.org\/www\/wp-json\/wp\/v2\/users\/1"}],"replies":[{"embeddable":true,"href":"http:\/\/www.diadelpadre.org\/www\/wp-json\/wp\/v2\/comments?post=494"}],"version-history":[{"count":0,"href":"http:\/\/www.diadelpadre.org\/www\/wp-json\/wp\/v2\/posts\/494\/revisions"}],"wp:attachment":[{"href":"http:\/\/www.diadelpadre.org\/www\/wp-json\/wp\/v2\/media?parent=494"}],"wp:term":[{"taxonomy":"category","embeddable":true,"href":"http:\/\/www.diadelpadre.org\/www\/wp-json\/wp\/v2\/categories?post=494"},{"taxonomy":"post_tag","embeddable":true,"href":"http:\/\/www.diadelpadre.org\/www\/wp-json\/wp\/v2\/tags?post=494"}],"curies":[{"name":"wp","href":"https:\/\/api.w.org\/{rel}","templated":true}]}}