{"id":488,"date":"2012-06-06T10:44:59","date_gmt":"2012-06-06T13:44:59","guid":{"rendered":"http:\/\/www.diadelpadre.org\/www\/?p=488"},"modified":"2012-06-06T10:44:59","modified_gmt":"2012-06-06T13:44:59","slug":"prl2534d04","status":"publish","type":"post","link":"http:\/\/www.diadelpadre.org\/www\/prl2534d04\/","title":{"rendered":"Proyecto de Ley 2534-D-04"},"content":{"rendered":"<h4>Honorable C\u00e1mara de Diputados<\/h4>\n<p>Expediente: 2534-D-04<br \/>\nFecha: 11-05-2004<br \/>\nTipo: Proyecto de Ley<br \/>\nT\u00edtulo:<br \/>\nInstituir como \u00abD\u00eda del Padre\u00bb en todo el pa\u00eds, el 24 de agosto de cada a\u00f1o.<\/p>\n<p>Sumario:<br \/>\nLos homenajes realizados ese d\u00eda ser\u00e1n destinados a la figura del General Don Jos\u00e9 de San Mart\u00edn, qui\u00e9n fuera padre de Mercedes Tomasa, el 24 de agosto de 1816.<\/p>\n<p><em>Firmantes: V\u00edctor Manuel Federico FAYAD<\/em><\/p>\n","protected":false},"excerpt":{"rendered":"<p>Honorable C\u00e1mara de Diputados Expediente: 2534-D-04 Fecha: 11-05-2004 Tipo: Proyecto de Ley T\u00edtulo: Instituir como \u00abD\u00eda del Padre\u00bb en todo el pa\u00eds, el 24 de agosto de cada a\u00f1o. Sumario: Los homenajes realizados ese d\u00eda ser\u00e1n destinados a la figura del General Don Jos\u00e9 de San Mart\u00edn, qui\u00e9n fuera padre de Mercedes Tomasa, el 24 de agosto de 1816. Firmantes: V\u00edctor Manuel Federico FAYAD<\/p>\n","protected":false},"author":1,"featured_media":0,"comment_status":"closed","ping_status":"closed","sticky":false,"template":"","format":"standard","meta":{"footnotes":""},"categories":[9,29],"tags":[26,27,30],"class_list":["post-488","post","type-post","status-publish","format-standard","hentry","category-legislacion","category-proyectos","tag-camara","tag-diputados","tag-proyecto"],"_links":{"self":[{"href":"http:\/\/www.diadelpadre.org\/www\/wp-json\/wp\/v2\/posts\/488","targetHints":{"allow":["GET"]}}],"collection":[{"href":"http:\/\/www.diadelpadre.org\/www\/wp-json\/wp\/v2\/posts"}],"about":[{"href":"http:\/\/www.diadelpadre.org\/www\/wp-json\/wp\/v2\/types\/post"}],"author":[{"embeddable":true,"href":"http:\/\/www.diadelpadre.org\/www\/wp-json\/wp\/v2\/users\/1"}],"replies":[{"embeddable":true,"href":"http:\/\/www.diadelpadre.org\/www\/wp-json\/wp\/v2\/comments?post=488"}],"version-history":[{"count":0,"href":"http:\/\/www.diadelpadre.org\/www\/wp-json\/wp\/v2\/posts\/488\/revisions"}],"wp:attachment":[{"href":"http:\/\/www.diadelpadre.org\/www\/wp-json\/wp\/v2\/media?parent=488"}],"wp:term":[{"taxonomy":"category","embeddable":true,"href":"http:\/\/www.diadelpadre.org\/www\/wp-json\/wp\/v2\/categories?post=488"},{"taxonomy":"post_tag","embeddable":true,"href":"http:\/\/www.diadelpadre.org\/www\/wp-json\/wp\/v2\/tags?post=488"}],"curies":[{"name":"wp","href":"https:\/\/api.w.org\/{rel}","templated":true}]}}