{"id":458,"date":"2012-06-01T18:19:48","date_gmt":"2012-06-01T21:19:48","guid":{"rendered":"http:\/\/www.diadelpadre.org\/www\/?p=458"},"modified":"2012-06-01T18:19:48","modified_gmt":"2012-06-01T21:19:48","slug":"prd2003cd","status":"publish","type":"post","link":"http:\/\/www.diadelpadre.org\/www\/prd2003cd\/","title":{"rendered":"Proyecto de Declaraci\u00f3n &#8211; Concejal Garavano"},"content":{"rendered":"<h4>Honorable Concejo Municipal de la Ciudad de Villa Ca\u00f1as<br \/>\nProvincia de Santa Fe<\/h4>\n<p>VILLA CA\u00d1AS 10 de JUNIO del 2003.-<\/p>\n<p><strong>VISTO<\/strong><\/p>\n<p>Que en el a\u00f1o 1953, la Profesora Lucia ZULOAGA de GARC\u00cdA SADA, present\u00f3 ante la Direcci\u00f3n General de Escuelas de Mendoza la iniciativa de declarar el 24 de Agosto como \u00abD\u00eda del Padre\u00bb<\/p>\n<p>Que en la actualidad se celebra en nuestro pa\u00eds el tercer domingo de agosto, merced a intereses econ\u00f3micos y celebraciones que dieron origen en el extranjero.<\/p>\n<p><strong>CONSIDERANDO<\/strong><\/p>\n<p>Que: En el a\u00f1o 1814, llegaron a Mendoza, el General D. Jos\u00e9 Francisco de San Mart\u00edn y su esposa Remedios de Escalada, se radicaron en la casa de la familia \u00c1lvarez ubicada en el actual domicilio de la calle Corrientes N\u00ba 343 de la ciudad de Mendoza.<\/p>\n<p>Que: \u201cEn ese lugar el 24 de Agosto del a\u00f1o 1816, naci\u00f3 la \u00fanica hija del General San Mart\u00edn\u201d, cuando se encontraba en plena formaci\u00f3n del Ej\u00e9rcito de los Andes, que dar\u00eda libertad a Chile y Per\u00fa, asegurando la Independencia y la libertad Argentina y de medio continente.<\/p>\n<p>Que: El 24 de enero de 1817, el General San Mart\u00edn dej\u00f3 su familia y parti\u00f3 para cumplir un sue\u00f1o Americanista. Cumplido su sue\u00f1o regresa al pa\u00eds.<\/p>\n<p>Que: La reciente muerte de su esposa, las guerras fratricidas que inundaban de sangre nuestra Patria, los agravios de que eran objeto y fundamentalmente su deseo de dedicarse a la educaci\u00f3n de su hija, lo llevaron a tomar la decisi\u00f3n de abandonar nuestro Pa\u00eds y partir con su hija a Europa.<\/p>\n<p>Que: Cumplida su misi\u00f3n Americanista, centr\u00f3 su vida en la educaci\u00f3n y formaci\u00f3n moral de su hija hu\u00e9rfana de madre partiendo a Europa en voluntario ostracismo.<\/p>\n<p>Que: Ya en el viejo continente redact\u00f3 \u00ablas m\u00e1ximas\u00bb para su hija (Bruselas 1825) que constituyen un verdadero plan educativo de \u00edndole moral, que conserva plena actualidad a pesar del paso de los a\u00f1os.<\/p>\n<p>Que: En 1844, en su testamento declara San Mart\u00edn \u00abTodos mis anhelos no han tenido otro objeto, que mi hija amada\u00bb.<\/p>\n<p>Que: En el a\u00f1o 1953 la Profesora Lucia ZULOAGA de GARC\u00cdA SADA, present\u00f3 ante la Direcci\u00f3n General de Escuelas de Mendoza la iniciativa de declarar el 24 de Agosto como \u00abD\u00eda del Padre\u00bb la cual por resoluci\u00f3n 192 T-53 fue aceptada Art. 1\u00ba, 2\u00ba y 3\u00ba.<\/p>\n<p>Que: Despu\u00e9s de tres a\u00f1os de tramites la Profesora ZULOAGA consigui\u00f3 que el Consejo de Educaci\u00f3n de la Naci\u00f3n resolviera afirmativamente el proyecto y dispusiera la inclusi\u00f3n de la celebraci\u00f3n del d\u00eda 24 DE AGOSTO como \u00abDIA DEL PADRE\u00bb, en el Calendario Escolar de todo el Pa\u00eds (Exp. 84056\/56 del 22-OCT-1956).<\/p>\n<p>Que: El consejo Nacional de Educaci\u00f3n, en sesi\u00f3n del d\u00eda de la fecha resuelve, oficialmente instituir en el calendario escolar, el d\u00eda del padre, que se conmemora el d\u00eda 24 de agosto en todos los establecimientos de la repartici\u00f3n. Firmado Luis Norberto MAGNANINI (Presidente del Consejo Nacional de Educaci\u00f3n) y Alejandro NOGUES ACU\u00d1A (Secretario General del Consejo Nacional de Educaci\u00f3n).<\/p>\n<p>Que: El Consejo Nacional de Educaci\u00f3n, ante la presi\u00f3n de la Asociaci\u00f3n de Dirigentes de ventas de diversos grupos comerciantes en 1957, se olvid\u00f3 de incluir la fecha en el Calendario Escolar.<\/p>\n<p>Que: Esta omisi\u00f3n fue aprovechada por comerciantes inescrupulosos, para tratar de imponer mediante una millonaria campa\u00f1a publicitaria \u00abel d\u00eda del padre norteamericano\u00bb, en homenaje a John Bruce Dodd, considerado padre ejemplar por haber cuidado a nueve hijos.<\/p>\n<p>Que en 1966 el Presidente de los EE.UU. Lyndon Johnson firma una proclama declarando el 3\u00ba domingo de Junio como d\u00eda del padre de los norteamericanos, en Homenaje a John Bruce Dodd.<\/p>\n<p>Que: A partir de esa proclama, empresas extranjeras redoblaron sus esfuerzos, reemplazando como modelo de padre al General San Mart\u00edn por un extranjero.<\/p>\n<p>Que: Solo las escuelas de Mendoza, se mantuvieron fieles al Libertador en la celebraci\u00f3n del 24 de Agosto como d\u00eda del padre, durante casi medio siglo 1953-2000.<\/p>\n<p>Que: Hubo intentos de dictar la ley a nivel Nacional mediante proyectos de legisladores Mendocinos, sin embargo ninguno de los proyectos tuvo tratamiento Legislativo, pero a nivel Provincial la suerte de Mendoza fue distinta.<\/p>\n<p>Que: El 30 de Junio de 1982, por Decreto N\u00ba 2119\/82 el entonces Gobernador de la Provincia Dr. Bonifacio CEJUELA instituy\u00f3 oficialmente el 24 de Agosto D\u00eda del Padre.<\/p>\n<p>Que: En estos momentos de globalizaci\u00f3n, somos los Argentinos quienes debemos decidir qu\u00e9 modelo de padre queremos, y por ello est\u00e1n trabajando por esta idea mucha gente, para que toda la comunidad se sume a este compromiso de bregar por la declaraci\u00f3n del 24 de Agosto, como \u00fanico D\u00eda del Padre en todo el Territorio Nacional de la Rep\u00fablica, no festejando otras fechas de personajes ajenos a nuestras tradiciones, bajo el lema: \u00abArgentinos, levantemos la antorcha de la libertad&#8230;&#8230;, \u00a1\u00a1\u00a1 Ay\u00fadanos a mantenerla encendida !!!\u00bb<\/p>\n<p>Que: Cuando San Mart\u00edn parti\u00f3 de Mendoza para cruzar los Andes, su hija Mercedes ten\u00eda cuatro meses y se volvieron a ver en 1818 despu\u00e9s del triunfo de Chacabuco.<\/p>\n<p>Que: Debido a la enfermedad de su esposa Remedios, su hija, la ni\u00f1a Mercedes fue criada y educada por sus abuelos, lo que deriv\u00f3 en una ni\u00f1a caprichosa y maleducada.<\/p>\n<p>Que: En 1924 se embarcaron juntos a Europa y una vez en Francia, el General San Mart\u00edn se ocup\u00f3 de reeducarla, y entre otras cosas escribi\u00f3 estas M\u00e1ximas en el a\u00f1o 1825:<\/p>\n<p><strong>M\u00c1XIMAS PARA MI HIJA<\/strong><\/p>\n<p>Humanizar el car\u00e1cter y hacerlo sensible aun con los insectos que no perjudican. Stern ha dicho a una mosca abri\u00e9ndole la ventana para que saliese: \u00abAnda, pobre animal, el mundo es demasiado grande para nosotros dos\u00bb.<br \/>\nInspirarle amor a la verdad y odio a la mentira.<br \/>\nInspirarla a una gran confianza y amistad pero uniendo el respeto.<br \/>\nEstimular en Mercedes la caridad con los pobres.<br \/>\nRespeto sobre la propiedad ajena.<br \/>\nAcostumbrarla a guardar un secreto.<br \/>\nInspirarle sentimientos de indulgencia hacia todas las religiones.<br \/>\nDulzura con los criados, pobres y viejos.<br \/>\nQue hable poco y lo preciso.<br \/>\nAcostumbrarla a estar formal en la mesa.<br \/>\nAmor al aseo y desprecio al lujo.<br \/>\nInspirarle amor por la Patria y por la Libertad.<br \/>\nPor todo ello solicito a mis pares la aprobaci\u00f3n del siguiente:<\/p>\n<p><strong>PROYECTO DE DECLARACI\u00d3N<\/strong><\/p>\n<p>El HCM de la ciudad de VILLA CA\u00d1AS, declara de Inter\u00e9s Municipal la instauraci\u00f3n del 24 de JUNIO, como DIA DEL PADRE, en Homenaje \u201cPADRE DE LA PATRIA\u201d: General Jos\u00e9 Francisco de San Mart\u00edn, Libertador y H\u00e9roe m\u00e1ximo de nuestra nacionalidad.<br \/>\nApoyamos toda iniciativa en pos de restaurar en el Calendario Escolar de toda la Naci\u00f3n el d\u00eda 24 de Junio como DIA DEL PADRE.<br \/>\nDestacamos y resaltamos la figura del Libertador General D. Jos\u00e9 Francisco de San Mart\u00edn, con todos los valores humanos que le valieron el recuerdo a perpetuidad del Pueblo Argentino y la consideraci\u00f3n de ser recordado como \u201cPADRE DE LA PATRIA\u201d.<\/p>\n<p><em>OMAR ANGEL GARAVANO<br \/>\nCONCEJAL BLOQUE SOCIALISTA &#8211; PDP<br \/>\nHONORABLE CONSEJO MUNICIPAL CIUDAD DE VILLA CA\u00d1AS<\/em><\/p>\n","protected":false},"excerpt":{"rendered":"<p>Honorable Concejo Municipal de la Ciudad de Villa Ca\u00f1as Provincia de Santa Fe VILLA CA\u00d1AS 10 de JUNIO del 2003.- VISTO Que en el a\u00f1o 1953, la Profesora Lucia ZULOAGA de GARC\u00cdA SADA, present\u00f3 ante la Direcci\u00f3n General de Escuelas de Mendoza la iniciativa de declarar el 24 de Agosto como \u00abD\u00eda del Padre\u00bb Que en la actualidad se celebra en nuestro pa\u00eds el tercer domingo de agosto, merced a intereses econ\u00f3micos y celebraciones que dieron origen en el extranjero. CONSIDERANDO Que: En el a\u00f1o 1814, llegaron a Mendoza, el General D. Jos\u00e9 Francisco de San Mart\u00edn y su esposa Remedios de Escalada, se radicaron en la casa de la familia \u00c1lvarez ubicada en el actual domicilio de la calle Corrientes N\u00ba 343 de la ciudad de Mendoza. Que: \u201cEn ese lugar el 24 de Agosto del a\u00f1o 1816, naci\u00f3 la \u00fanica hija del General San Mart\u00edn\u201d, cuando se encontraba en plena formaci\u00f3n del Ej\u00e9rcito de los Andes, que dar\u00eda libertad a Chile y Per\u00fa, asegurando la Independencia y la libertad Argentina y de medio continente. Que: El 24 de enero de 1817, el General San Mart\u00edn dej\u00f3 su familia y parti\u00f3 para cumplir un sue\u00f1o Americanista. Cumplido su sue\u00f1o regresa al pa\u00eds. Que: La reciente muerte de su esposa, las guerras fratricidas que inundaban de sangre nuestra Patria, los agravios de que eran objeto y fundamentalmente su deseo de dedicarse a la educaci\u00f3n de su hija, lo llevaron a tomar la decisi\u00f3n de abandonar nuestro Pa\u00eds y partir con su hija a Europa. Que: Cumplida su misi\u00f3n Americanista, centr\u00f3 su vida en la educaci\u00f3n y formaci\u00f3n moral de su hija hu\u00e9rfana de madre partiendo a Europa en voluntario ostracismo. Que: Ya en el viejo continente redact\u00f3 \u00ablas m\u00e1ximas\u00bb para su hija (Bruselas 1825) que constituyen un verdadero plan educativo de \u00edndole moral, que conserva plena actualidad a pesar del paso de los a\u00f1os. Que: En 1844, en su testamento declara San Mart\u00edn \u00abTodos mis anhelos no han tenido otro objeto, que mi hija amada\u00bb. Que: En el a\u00f1o 1953 la Profesora Lucia ZULOAGA de GARC\u00cdA SADA, present\u00f3 ante la Direcci\u00f3n General de Escuelas de Mendoza la iniciativa de declarar el 24 de Agosto como \u00abD\u00eda del Padre\u00bb la cual por resoluci\u00f3n 192 T-53 fue aceptada Art. 1\u00ba, 2\u00ba y 3\u00ba. Que: Despu\u00e9s de tres a\u00f1os de tramites la Profesora ZULOAGA consigui\u00f3 que el Consejo de Educaci\u00f3n de la Naci\u00f3n resolviera afirmativamente el proyecto y dispusiera la inclusi\u00f3n de la celebraci\u00f3n del d\u00eda 24 DE AGOSTO como \u00abDIA DEL PADRE\u00bb, en el Calendario Escolar de todo el Pa\u00eds (Exp. 84056\/56 del 22-OCT-1956). Que: El consejo Nacional de Educaci\u00f3n, en sesi\u00f3n del d\u00eda de la fecha resuelve, oficialmente instituir en el calendario escolar, el d\u00eda del padre, que se conmemora el d\u00eda 24 de agosto en todos los establecimientos de la repartici\u00f3n. Firmado Luis Norberto MAGNANINI (Presidente del Consejo Nacional de Educaci\u00f3n) y Alejandro NOGUES ACU\u00d1A (Secretario General del Consejo Nacional de Educaci\u00f3n). Que: El Consejo Nacional de Educaci\u00f3n, ante la presi\u00f3n de la Asociaci\u00f3n de Dirigentes de ventas de diversos grupos comerciantes en 1957, se olvid\u00f3 de incluir la fecha en el Calendario Escolar. Que: Esta omisi\u00f3n fue aprovechada por comerciantes inescrupulosos, para tratar de imponer mediante una millonaria campa\u00f1a publicitaria \u00abel d\u00eda del padre norteamericano\u00bb, en homenaje a John Bruce Dodd, considerado padre ejemplar por haber cuidado a nueve hijos. Que en 1966 el Presidente de los EE.UU. Lyndon Johnson firma una proclama declarando el 3\u00ba domingo de Junio como d\u00eda del padre de los norteamericanos, en Homenaje a John Bruce Dodd. Que: A partir de esa proclama, empresas extranjeras redoblaron sus esfuerzos, reemplazando como modelo de padre al General San Mart\u00edn por un extranjero. Que: Solo las escuelas de Mendoza, se mantuvieron fieles al Libertador en la celebraci\u00f3n del 24 de Agosto como d\u00eda del padre, durante casi medio siglo 1953-2000. Que: Hubo intentos de dictar la ley a nivel Nacional mediante proyectos de legisladores Mendocinos, sin embargo ninguno de los proyectos tuvo tratamiento Legislativo, pero a nivel Provincial la suerte de Mendoza fue distinta. Que: El 30 de Junio de 1982, por Decreto N\u00ba 2119\/82 el entonces Gobernador de la Provincia Dr. Bonifacio CEJUELA instituy\u00f3 oficialmente el 24 de Agosto D\u00eda del Padre. Que: En estos momentos de globalizaci\u00f3n, somos los Argentinos quienes debemos decidir qu\u00e9 modelo de padre queremos, y por ello est\u00e1n trabajando por esta idea mucha gente, para que toda la comunidad se sume a este compromiso de bregar por la declaraci\u00f3n del 24 de Agosto, como \u00fanico D\u00eda del Padre en todo el Territorio Nacional de la Rep\u00fablica, no festejando otras fechas de personajes ajenos a nuestras tradiciones, bajo el lema: \u00abArgentinos, levantemos la antorcha de la libertad&#8230;&#8230;, \u00a1\u00a1\u00a1 Ay\u00fadanos a mantenerla encendida !!!\u00bb Que: Cuando San Mart\u00edn parti\u00f3 de Mendoza para cruzar los Andes, su hija Mercedes ten\u00eda cuatro meses y se volvieron a ver en 1818 despu\u00e9s del triunfo de Chacabuco. Que: Debido a la enfermedad de su esposa Remedios, su hija, la ni\u00f1a Mercedes fue criada y educada por sus abuelos, lo que deriv\u00f3 en una ni\u00f1a caprichosa y maleducada. Que: En 1924 se embarcaron juntos a Europa y una vez en Francia, el General San Mart\u00edn se ocup\u00f3 de reeducarla, y entre otras cosas escribi\u00f3 estas M\u00e1ximas en el a\u00f1o 1825: M\u00c1XIMAS PARA MI HIJA Humanizar el car\u00e1cter y hacerlo sensible aun con los insectos que no perjudican. Stern ha dicho a una mosca abri\u00e9ndole la ventana para que saliese: \u00abAnda, pobre animal, el mundo es demasiado grande para nosotros dos\u00bb. Inspirarle amor a la verdad y odio a la mentira. Inspirarla a una gran confianza y amistad pero uniendo el respeto. Estimular en Mercedes la caridad con los pobres. Respeto sobre la propiedad ajena. Acostumbrarla a guardar un secreto. Inspirarle sentimientos de indulgencia hacia todas las religiones. Dulzura con los criados, pobres y viejos. Que hable poco y lo preciso. Acostumbrarla a estar formal en la mesa. Amor al aseo y desprecio al lujo. Inspirarle amor por la [&hellip;]<\/p>\n","protected":false},"author":1,"featured_media":0,"comment_status":"closed","ping_status":"closed","sticky":false,"template":"","format":"standard","meta":{"footnotes":""},"categories":[44,9],"tags":[52,45,53,51],"class_list":["post-458","post","type-post","status-publish","format-standard","hentry","category-declaraciones","category-legislacion","tag-canas","tag-declaracion","tag-garavano","tag-villa"],"_links":{"self":[{"href":"http:\/\/www.diadelpadre.org\/www\/wp-json\/wp\/v2\/posts\/458","targetHints":{"allow":["GET"]}}],"collection":[{"href":"http:\/\/www.diadelpadre.org\/www\/wp-json\/wp\/v2\/posts"}],"about":[{"href":"http:\/\/www.diadelpadre.org\/www\/wp-json\/wp\/v2\/types\/post"}],"author":[{"embeddable":true,"href":"http:\/\/www.diadelpadre.org\/www\/wp-json\/wp\/v2\/users\/1"}],"replies":[{"embeddable":true,"href":"http:\/\/www.diadelpadre.org\/www\/wp-json\/wp\/v2\/comments?post=458"}],"version-history":[{"count":0,"href":"http:\/\/www.diadelpadre.org\/www\/wp-json\/wp\/v2\/posts\/458\/revisions"}],"wp:attachment":[{"href":"http:\/\/www.diadelpadre.org\/www\/wp-json\/wp\/v2\/media?parent=458"}],"wp:term":[{"taxonomy":"category","embeddable":true,"href":"http:\/\/www.diadelpadre.org\/www\/wp-json\/wp\/v2\/categories?post=458"},{"taxonomy":"post_tag","embeddable":true,"href":"http:\/\/www.diadelpadre.org\/www\/wp-json\/wp\/v2\/tags?post=458"}],"curies":[{"name":"wp","href":"https:\/\/api.w.org\/{rel}","templated":true}]}}