{"id":446,"date":"2012-06-01T18:11:39","date_gmt":"2012-06-01T21:11:39","guid":{"rendered":"http:\/\/www.diadelpadre.org\/www\/?p=446"},"modified":"2012-06-01T18:11:39","modified_gmt":"2012-06-01T21:11:39","slug":"prd6514d02","status":"publish","type":"post","link":"http:\/\/www.diadelpadre.org\/www\/prd6514d02\/","title":{"rendered":"Proyecto de Declaraci\u00f3n 6514-D-02"},"content":{"rendered":"<h4>Honorable C\u00e1mara de Diputados<\/h4>\n<p>Expediente: 6514-D-02<br \/>\nFecha: 10-10-2002<br \/>\nTipo: Proyecto de Declaraci\u00f3n<br \/>\nT\u00edtulo:<br \/>\nDisponer incluir en el Calendario Escolar la fecha del 24 de agosto &#8211; Aniversario del nacimiento de la hija de Don Jos\u00e9 de San Mart\u00edn &#8211; Como el D\u00eda del Padre de la patria.<\/p>\n<p>Sumario:<br \/>\nSolicitud al Poder Ejecutivo Nacional<\/p>\n<p>Firmantes: Mar\u00eda del Carmen RICO &#8211; Guillermo AMSTUTZ &#8211; Normal Raquel PILATI<\/p>\n","protected":false},"excerpt":{"rendered":"<p>Honorable C\u00e1mara de Diputados Expediente: 6514-D-02 Fecha: 10-10-2002 Tipo: Proyecto de Declaraci\u00f3n T\u00edtulo: Disponer incluir en el Calendario Escolar la fecha del 24 de agosto &#8211; Aniversario del nacimiento de la hija de Don Jos\u00e9 de San Mart\u00edn &#8211; Como el D\u00eda del Padre de la patria. Sumario: Solicitud al Poder Ejecutivo Nacional Firmantes: Mar\u00eda del Carmen RICO &#8211; Guillermo AMSTUTZ &#8211; Normal Raquel PILATI<\/p>\n","protected":false},"author":1,"featured_media":0,"comment_status":"closed","ping_status":"closed","sticky":false,"template":"","format":"standard","meta":{"footnotes":""},"categories":[44,9],"tags":[45,27,30],"class_list":["post-446","post","type-post","status-publish","format-standard","hentry","category-declaraciones","category-legislacion","tag-declaracion","tag-diputados","tag-proyecto"],"_links":{"self":[{"href":"http:\/\/www.diadelpadre.org\/www\/wp-json\/wp\/v2\/posts\/446","targetHints":{"allow":["GET"]}}],"collection":[{"href":"http:\/\/www.diadelpadre.org\/www\/wp-json\/wp\/v2\/posts"}],"about":[{"href":"http:\/\/www.diadelpadre.org\/www\/wp-json\/wp\/v2\/types\/post"}],"author":[{"embeddable":true,"href":"http:\/\/www.diadelpadre.org\/www\/wp-json\/wp\/v2\/users\/1"}],"replies":[{"embeddable":true,"href":"http:\/\/www.diadelpadre.org\/www\/wp-json\/wp\/v2\/comments?post=446"}],"version-history":[{"count":0,"href":"http:\/\/www.diadelpadre.org\/www\/wp-json\/wp\/v2\/posts\/446\/revisions"}],"wp:attachment":[{"href":"http:\/\/www.diadelpadre.org\/www\/wp-json\/wp\/v2\/media?parent=446"}],"wp:term":[{"taxonomy":"category","embeddable":true,"href":"http:\/\/www.diadelpadre.org\/www\/wp-json\/wp\/v2\/categories?post=446"},{"taxonomy":"post_tag","embeddable":true,"href":"http:\/\/www.diadelpadre.org\/www\/wp-json\/wp\/v2\/tags?post=446"}],"curies":[{"name":"wp","href":"https:\/\/api.w.org\/{rel}","templated":true}]}}