{"id":410,"date":"2012-06-01T17:41:10","date_gmt":"2012-06-01T20:41:10","guid":{"rendered":"http:\/\/www.diadelpadre.org\/www\/?p=410"},"modified":"2012-06-01T17:41:10","modified_gmt":"2012-06-01T20:41:10","slug":"prl200201117","status":"publish","type":"post","link":"http:\/\/www.diadelpadre.org\/www\/prl200201117\/","title":{"rendered":"Proyecto de Ley 200201117"},"content":{"rendered":"<h4>Legislatura de la Ciudad Aut\u00f3noma de Buenos Aires<\/h4>\n<p><strong>PROYECTO DE LEY<br \/>\nPresentado por el Diputado GIORNO<br \/>\n<\/strong><br \/>\nCiudad Aut\u00f3noma de BUENOS AIRES<\/p>\n<p>Instituyese el 24 de agosto de cada a\u00f1o como \u00bb D\u00eda del Padre\u00bb en el \u00e1mbito de la Ciudad Aut\u00f3noma de Buenos Aires.<br \/>\nComun\u00edquese, etc. Se\u00f1ora Presidenta:<br \/>\nEn el a\u00f1o 1814, el General Jos\u00e9 de San Mart\u00edn llega a Mendoza junto a su esposa Remedios de Escalada, radic\u00e1ndose en la casa de la familia Alvarez, ubicada en el actual domicilio de la calle Corrientes N\u00ba 343, de la ciudad de Mendoza. All\u00ed nace, el 24 de agosto de 1816, su \u00fanica hija, en momentos en que se encontraba en plena formaci\u00f3n el Ej\u00e9rcito de Los Andes que dar\u00eda luego libertad a Chile y Per\u00fa, asegurando la independencia argentina.<\/p>\n<p>Cumplida esta misi\u00f3n, regresa al pa\u00eds y la reciente muerte de su esposa, sumado a las guerras fratricidas que inundaban de sangre nuestro suelo, lo llevan a emigrar a Europa en voluntario ostracismo, para dedicarse a la educaci\u00f3n de su peque\u00f1a hija hu\u00e9rfana de madre.<\/p>\n<p>En 1825 redact\u00f3 \u00ablas m\u00e1ximas \u00bb para su hija, plan educativo de \u00edndole moral de vigencia indiscutible. En 1844 declara en su testamento: \u00bb Todos mis anhelos no han tenido otro objeto, que mi hija amada\u00bb.<\/p>\n<p>Con estos antecedentes, en el a\u00f1o 1953, la profesora Zuloaga de Garc\u00eda Sada de la provincia de Mendoza, presenta la iniciativa de declarar el 24 de agosto como \u00bb D\u00eda del Padre\u00bb. Luego de tres a\u00f1os de intensos tr\u00e1mites se consigue que el Consejo Nacional de Educaci\u00f3n en su sesi\u00f3n N\u00ba 19 del 22 de octubre de 1956 disponga: \u00bb Instituir oficialmente e incluir en el Calendario Escolar el \u00abD\u00eda del Padre\u00bb que se conmemorar\u00e1 el d\u00eda 24 de agosto en todos los establecimientos dependientes de la Repartici\u00f3n. \u00bb<\/p>\n<p>En 1966 el Presidente de los Estados Unidos Lyndon Johnson firma una proclama declarando el tercer domingo de junio como el D\u00eda del Padre de los norteamericanos, en homenaje a John Bruce Dodd, considerado padre ejemplar por haber cuidado a nueve hijos. A partir de esa proclama, diversos grupos de comerciantes argentinos y extranjeros adoptaron esta fecha ya que prefieren una fecha m\u00f3vil en domingo que una fecha fija que puede caer en d\u00eda h\u00e1bil perdi\u00e9ndose de esta manera la celebraci\u00f3n netamente argentina en el Calendario Escolar, reemplazando como modelo de padre al General San Mart\u00edn por un extranjero.<\/p>\n<p>S\u00f3lo las escuelas de Mendoza se mantuvieron fieles al Libertador en la celebraci\u00f3n del 24 de agosto como d\u00eda del Padre. En 1986, mediante Ley N\u00ba 5131 (actualmente en vigencia) el Gobernador dispuso instituir el d\u00eda 24 de agosto para la celebraci\u00f3n del \u00bb D\u00eda del Padre\u00bb en todo el territorio de la provincia.<\/p>\n<p>Asimismo hubo intentos de dictar una Ley a nivel nacional mediante proyectos de legisladores mendocinos, sin embargo ninguno de los proyectos tuvo tratamiento legislativo.<\/p>\n<p>Instituir el 24 de agosto como D\u00eda del Padre en el territorio de nuestra Ciudad es un compromiso ineludible ya que no resulta coherente festejar fechas de personas ajenas a nuestras tradiciones, como ya sucede con Halloween y pronto suceder\u00e1 seguramente con el d\u00eda de Acci\u00f3n de Gracias, que ser\u00e1n fechas muy caras para los norteamericanos pero que nada tienen que ver con nuestra cultura, y nuestras tradiciones.<\/p>\n<p>La figura del General Jos\u00e9 de San Mart\u00edn es harto ejemplar para ser tomada como arquetipo del padre argentino ya que se trata nada menos que del Padre de nuestra Patria.<\/p>\n<p>Por todas las razones expuestas solicito a mis pares me acompa\u00f1en en la sanci\u00f3n del presente proyecto de ley.<\/p>\n","protected":false},"excerpt":{"rendered":"<p>Legislatura de la Ciudad Aut\u00f3noma de Buenos Aires PROYECTO DE LEY Presentado por el Diputado GIORNO Ciudad Aut\u00f3noma de BUENOS AIRES Instituyese el 24 de agosto de cada a\u00f1o como \u00bb D\u00eda del Padre\u00bb en el \u00e1mbito de la Ciudad Aut\u00f3noma de Buenos Aires. Comun\u00edquese, etc. Se\u00f1ora Presidenta: En el a\u00f1o 1814, el General Jos\u00e9 de San Mart\u00edn llega a Mendoza junto a su esposa Remedios de Escalada, radic\u00e1ndose en la casa de la familia Alvarez, ubicada en el actual domicilio de la calle Corrientes N\u00ba 343, de la ciudad de Mendoza. All\u00ed nace, el 24 de agosto de 1816, su \u00fanica hija, en momentos en que se encontraba en plena formaci\u00f3n el Ej\u00e9rcito de Los Andes que dar\u00eda luego libertad a Chile y Per\u00fa, asegurando la independencia argentina. Cumplida esta misi\u00f3n, regresa al pa\u00eds y la reciente muerte de su esposa, sumado a las guerras fratricidas que inundaban de sangre nuestro suelo, lo llevan a emigrar a Europa en voluntario ostracismo, para dedicarse a la educaci\u00f3n de su peque\u00f1a hija hu\u00e9rfana de madre. En 1825 redact\u00f3 \u00ablas m\u00e1ximas \u00bb para su hija, plan educativo de \u00edndole moral de vigencia indiscutible. En 1844 declara en su testamento: \u00bb Todos mis anhelos no han tenido otro objeto, que mi hija amada\u00bb. Con estos antecedentes, en el a\u00f1o 1953, la profesora Zuloaga de Garc\u00eda Sada de la provincia de Mendoza, presenta la iniciativa de declarar el 24 de agosto como \u00bb D\u00eda del Padre\u00bb. Luego de tres a\u00f1os de intensos tr\u00e1mites se consigue que el Consejo Nacional de Educaci\u00f3n en su sesi\u00f3n N\u00ba 19 del 22 de octubre de 1956 disponga: \u00bb Instituir oficialmente e incluir en el Calendario Escolar el \u00abD\u00eda del Padre\u00bb que se conmemorar\u00e1 el d\u00eda 24 de agosto en todos los establecimientos dependientes de la Repartici\u00f3n. \u00bb En 1966 el Presidente de los Estados Unidos Lyndon Johnson firma una proclama declarando el tercer domingo de junio como el D\u00eda del Padre de los norteamericanos, en homenaje a John Bruce Dodd, considerado padre ejemplar por haber cuidado a nueve hijos. A partir de esa proclama, diversos grupos de comerciantes argentinos y extranjeros adoptaron esta fecha ya que prefieren una fecha m\u00f3vil en domingo que una fecha fija que puede caer en d\u00eda h\u00e1bil perdi\u00e9ndose de esta manera la celebraci\u00f3n netamente argentina en el Calendario Escolar, reemplazando como modelo de padre al General San Mart\u00edn por un extranjero. S\u00f3lo las escuelas de Mendoza se mantuvieron fieles al Libertador en la celebraci\u00f3n del 24 de agosto como d\u00eda del Padre. En 1986, mediante Ley N\u00ba 5131 (actualmente en vigencia) el Gobernador dispuso instituir el d\u00eda 24 de agosto para la celebraci\u00f3n del \u00bb D\u00eda del Padre\u00bb en todo el territorio de la provincia. Asimismo hubo intentos de dictar una Ley a nivel nacional mediante proyectos de legisladores mendocinos, sin embargo ninguno de los proyectos tuvo tratamiento legislativo. Instituir el 24 de agosto como D\u00eda del Padre en el territorio de nuestra Ciudad es un compromiso ineludible ya que no resulta coherente festejar fechas de personas ajenas a nuestras tradiciones, como ya sucede con Halloween y pronto suceder\u00e1 seguramente con el d\u00eda de Acci\u00f3n de Gracias, que ser\u00e1n fechas muy caras para los norteamericanos pero que nada tienen que ver con nuestra cultura, y nuestras tradiciones. La figura del General Jos\u00e9 de San Mart\u00edn es harto ejemplar para ser tomada como arquetipo del padre argentino ya que se trata nada menos que del Padre de nuestra Patria. Por todas las razones expuestas solicito a mis pares me acompa\u00f1en en la sanci\u00f3n del presente proyecto de ley.<\/p>\n","protected":false},"author":1,"featured_media":0,"comment_status":"closed","ping_status":"closed","sticky":false,"template":"","format":"standard","meta":{"footnotes":""},"categories":[9,29],"tags":[35,34,27,30],"class_list":["post-410","post","type-post","status-publish","format-standard","hentry","category-legislacion","category-proyectos","tag-buenos-aires","tag-ciudad","tag-diputados","tag-proyecto"],"_links":{"self":[{"href":"http:\/\/www.diadelpadre.org\/www\/wp-json\/wp\/v2\/posts\/410","targetHints":{"allow":["GET"]}}],"collection":[{"href":"http:\/\/www.diadelpadre.org\/www\/wp-json\/wp\/v2\/posts"}],"about":[{"href":"http:\/\/www.diadelpadre.org\/www\/wp-json\/wp\/v2\/types\/post"}],"author":[{"embeddable":true,"href":"http:\/\/www.diadelpadre.org\/www\/wp-json\/wp\/v2\/users\/1"}],"replies":[{"embeddable":true,"href":"http:\/\/www.diadelpadre.org\/www\/wp-json\/wp\/v2\/comments?post=410"}],"version-history":[{"count":0,"href":"http:\/\/www.diadelpadre.org\/www\/wp-json\/wp\/v2\/posts\/410\/revisions"}],"wp:attachment":[{"href":"http:\/\/www.diadelpadre.org\/www\/wp-json\/wp\/v2\/media?parent=410"}],"wp:term":[{"taxonomy":"category","embeddable":true,"href":"http:\/\/www.diadelpadre.org\/www\/wp-json\/wp\/v2\/categories?post=410"},{"taxonomy":"post_tag","embeddable":true,"href":"http:\/\/www.diadelpadre.org\/www\/wp-json\/wp\/v2\/tags?post=410"}],"curies":[{"name":"wp","href":"https:\/\/api.w.org\/{rel}","templated":true}]}}