{"id":398,"date":"2012-06-01T17:35:20","date_gmt":"2012-06-01T20:35:20","guid":{"rendered":"http:\/\/www.diadelpadre.org\/www\/?p=398"},"modified":"2012-06-01T17:37:47","modified_gmt":"2012-06-01T20:37:47","slug":"prr266","status":"publish","type":"post","link":"http:\/\/www.diadelpadre.org\/www\/prr266\/","title":{"rendered":"Proyecto de Resoluci\u00f3n 266"},"content":{"rendered":"<h4>Honorable C\u00e1mara de Diputados de la Provincia de Santa Cruz<\/h4>\n<p>24 de AGOSTO \u2013 D\u00cdA DEL PADRE<\/p>\n<p><strong>MESA DE ENTRADAS Y SALIDAS<br \/>\nENTRO: 20\/08\/2002 HORA: 13:20<br \/>\nPROY. N\u00b0 266<br \/>\nBLOQUE PARTIDO JUSTICIALISTA<br \/>\n<\/strong><\/p>\n<p>EL PODER LEGISLATIVO DE LA PROVINCIA DE SANTA CRUZ<\/p>\n<p><strong>RESUELVE<\/strong><\/p>\n<p>DIRIGIRSE a los se\u00f1ores legisladores por Santa Cruz a fin de solicitarles den origen a una norma que restablezca el d\u00eda 24 de Agosto de cada a\u00f1o como D\u00eda del Padre en el orden nacional en homenaje al General don Jos\u00e9 de San Mart\u00edn.<br \/>\nSOLICITAR al Consejo Provincial de Educaci\u00f3n que a trav\u00e9s de su representante en el Consejo Federal de Educaci\u00f3n impulse el rescate de esta conmemoraci\u00f3n, ya presente en el acta de la sesi\u00f3n N\u00ba 19 del 22 de Octubre de 1956, del Consejo Nacional de Educaci\u00f3n.<br \/>\nG\u00cdRESE copia ,con los fundamentos de la presente ,a los representantes citados en los art\u00edculos 1\u00ba, y 2\u00ba, a las legislaturas provinciales, al Parlamento Patag\u00f3nico, al se\u00f1or Fabi\u00e1n Luj\u00e1n, a la Base Ant\u00e1rtica General San Mart\u00edn, al Grupo de Scouts \u201cMonse\u00f1or Miguel Angel Aleman\u201d de R\u00edo Gallegos y a las entidades sanmartinianas con sede en nuestra provincia.<br \/>\nDE FORMA.<br \/>\nFirman los Se\u00f1ores Diputados:<br \/>\nSelva Judit FORSTMANN \u2013 Atanacio P\u00c9REZ OSUNA \u2013 Oscar Alfredo BELLINI \u2013 Marco Luis MARINKOVIC \u2013 Juan Balois PARDO.-<\/p>\n<p>FUNDAMENTOS<\/p>\n<p>Se\u00f1or Presidente:<\/p>\n<p>Nuestra Argentina vive d\u00edas de convulsi\u00f3n que hacen que muchos de sus habitantes se enfrenten entre s\u00ed en reclamo de defensas de derechos sectoriales adquiridos cuando la patria era m\u00e1s justa, libre y soberana.<\/p>\n<p>Es en estos momentos cuando la cultura nacional y popular debe abrevar en los ejemplos de los padres de la patria y tratar de rescatar las ense\u00f1anzas de vida y la escala de valores que nos legaron .<\/p>\n<p>El sentimiento de argentinidad es lo \u00fanico que podr\u00e1 hacer que nuestro pa\u00eds renazca y vuelva a ser una naci\u00f3n orgullosa e importante en el concierto de las naciones libres del mundo .<\/p>\n<p>Hace pocos d\u00edas coincidi\u00f3 la llegada a nuestras manos de un manifiesto del Grupo de Scouts \u201cMonse\u00f1or Miguel Angel Aleman\u201d impulsando que el D\u00eda del Padre sea celebrado cada 24 de agosto, por ser la fecha del nacimiento de Merceditas de San Mart\u00edn, en honor al Libertador de Am\u00e9rica y Padre de la Patria ; con la lectura casual del significado del festejo del D\u00eda del Padre en el tercer domingo de junio .<\/p>\n<p>Ese tercer domingo de junio est\u00e1 muy lejos de tener alguna relaci\u00f3n con nuestro pa\u00eds. Es simplemente la copia de la fecha que en 1966, el presidente de los Estados Unidos Lyndon Johnson estableci\u00f3 para que se festejara en aquel pa\u00eds el D\u00eda del Padre de los norteamericanos en homenaje a John Bruce Dodd, considerado padre ejemplar por haber cuidado nueve hijos.<\/p>\n<p>Que incre\u00edble se\u00f1or presidente, hasta en eso nos dejamos avasallar. Antes en nuestra patria otras eran las posturas.<\/p>\n<p>Haciendo un poco de historia vemos que en 1953, la profesora Luc\u00eda Zuloaga de Garc\u00eda Sada, present\u00f3 ante la Direcci\u00f3n General de Escuelas de Mendoza la iniciativa de declarar el 24 de agosto como \u201cD\u00eda del Padre\u201d en honor a dicho pr\u00f3cer y recordando que fue en Mendoza donde el 24 de agosto del a\u00f1o 1816, naci\u00f3 la \u00fanica hija del General San Mart\u00edn y su esposa Remedios de Escalada cuando el General se encontraba en plena formaci\u00f3n del ej\u00e9rcito de Los Andes que dar\u00eda la libertad a Chile y al Per\u00fa, asegurando as\u00ed la independencia argentina.<\/p>\n<p>Dicha inquietud de la profesora fue aceptada por la Resoluci\u00f3n N\u00ba 192 T- 53 de la citada Direcci\u00f3n.<\/p>\n<p>Despu\u00e9s de tres a\u00f1os de tr\u00e1mites la profesora Zuloaga consigui\u00f3 que el consejo de Educaci\u00f3n de la Naci\u00f3n resolviera afirmativamente el proyecto y dispusiera la inclusi\u00f3n de la celebraci\u00f3n el 24 de agosto \u201cD\u00eda del Padre\u201d, en el Calendario Escolar de todo el pa\u00eds seg\u00fan expediente N 84056\/56.<\/p>\n<p>El Consejo Nacional de Educaci\u00f3n , en sesi\u00f3n N\u00ba 19 del 22 de octubre de 1956, resuelve, oficialmente instituir en el Calendario Escolar , el D\u00eda del Padre, que se conmemora el d\u00eda 24 de agosto en todos los establecimientos de la repartici\u00f3n.<\/p>\n<p>En 1957, el Consejo Nacional de Educaci\u00f3n omiti\u00f3 omitir la fecha en el Calendario Escolar, omisi\u00f3n que fue aprovechada por diversos grupos de comerciantes para tratar de unificar los festejos con los que ya eran conocidos como d\u00eda del padre norteamericanos y que como dijimos fueran oficializados en 1966.<\/p>\n<p>La batalla fue desigual se\u00f1or presidente, y terminamos los argentinos homenajeando a nuestros padres en una fecha que no tiene ning\u00fan significado para nuestra patria y cuyo origen la mayor\u00eda desconocemos.<\/p>\n<p>Solo en Mendoza , seg\u00fan nuestro conocimiento, se sigui\u00f3 conmemorando el 24 de agosto durante casi medio siglo habiendo sido instituido oficialmente el 30 de junio por Decreto 2119\/82 del entonces gobernador de la Provincia doctor Bonifacio Cejuela.<\/p>\n<p>Se\u00f1or presidente, muchos de los datos que volcamos en este proyecto nos han sido enviados desde www.marambio.aq, cuyo responsable, el se\u00f1or Fabi\u00e1n Luj\u00e1n , hijo de Juan Carlos Luj\u00e1n , quien fuera uno de los sacrificados pioneros que conformando la Patrulla Soberan\u00eda , a punta de pico y pala construyera en 1969, la pista de aterrizaje que le permiti\u00f3 a nuestras Fuerzas Armadas y cient\u00edficos acceso directo a la Base Vicecomodoro Marambio en el sector Ant\u00e1rtico Argentino.<\/p>\n<p>Creemos se\u00f1or presidente que tanto las luchas que llevara adelante el General San Mart\u00edn para lograr la independencia de nuestra Patria y de pa\u00edses hermanos como las m\u00e1ximas para su hija escritas en Bruselas en 1825, en pleno exilio por no poder soportar las guerras fratricidas que inundaban de sangre a nuestro pa\u00eds ,y que son un verdadero plan educativo basado en una escala de valores que conserva plena actualidad a pesar del paso de los a\u00f1os hacen que la propuesta de conmemorar el D\u00eda del Padre el 24 de agosto tenga una fuerza que trasciende los l\u00edmites de nuestra provincia y que debe ser asumida `por la Naci\u00f3n toda.<\/p>\n<p>Es por esto que solicitamos a nuestros pares la sanci\u00f3n del presente proyecto de resoluci\u00f3n.<\/p>\n<p><strong>DIOS GUARDE A VUESTRA HONORABILIDAD<\/strong><\/p>\n<p>Firman los Se\u00f1ores Diputados:<br \/>\nSelva Judit FORSTMANN \u2013 Atanacio P\u00c9REZ OSUNA \u2013 Oscar Alfredo BELLINI \u2013 Marco Luis MARINKOVIC \u2013 Juan Balois PARDO<\/p>\n","protected":false},"excerpt":{"rendered":"<p>Honorable C\u00e1mara de Diputados de la Provincia de Santa Cruz 24 de AGOSTO \u2013 D\u00cdA DEL PADRE MESA DE ENTRADAS Y SALIDAS ENTRO: 20\/08\/2002 HORA: 13:20 PROY. N\u00b0 266 BLOQUE PARTIDO JUSTICIALISTA EL PODER LEGISLATIVO DE LA PROVINCIA DE SANTA CRUZ RESUELVE DIRIGIRSE a los se\u00f1ores legisladores por Santa Cruz a fin de solicitarles den origen a una norma que restablezca el d\u00eda 24 de Agosto de cada a\u00f1o como D\u00eda del Padre en el orden nacional en homenaje al General don Jos\u00e9 de San Mart\u00edn. SOLICITAR al Consejo Provincial de Educaci\u00f3n que a trav\u00e9s de su representante en el Consejo Federal de Educaci\u00f3n impulse el rescate de esta conmemoraci\u00f3n, ya presente en el acta de la sesi\u00f3n N\u00ba 19 del 22 de Octubre de 1956, del Consejo Nacional de Educaci\u00f3n. G\u00cdRESE copia ,con los fundamentos de la presente ,a los representantes citados en los art\u00edculos 1\u00ba, y 2\u00ba, a las legislaturas provinciales, al Parlamento Patag\u00f3nico, al se\u00f1or Fabi\u00e1n Luj\u00e1n, a la Base Ant\u00e1rtica General San Mart\u00edn, al Grupo de Scouts \u201cMonse\u00f1or Miguel Angel Aleman\u201d de R\u00edo Gallegos y a las entidades sanmartinianas con sede en nuestra provincia. DE FORMA. Firman los Se\u00f1ores Diputados: Selva Judit FORSTMANN \u2013 Atanacio P\u00c9REZ OSUNA \u2013 Oscar Alfredo BELLINI \u2013 Marco Luis MARINKOVIC \u2013 Juan Balois PARDO.- FUNDAMENTOS Se\u00f1or Presidente: Nuestra Argentina vive d\u00edas de convulsi\u00f3n que hacen que muchos de sus habitantes se enfrenten entre s\u00ed en reclamo de defensas de derechos sectoriales adquiridos cuando la patria era m\u00e1s justa, libre y soberana. Es en estos momentos cuando la cultura nacional y popular debe abrevar en los ejemplos de los padres de la patria y tratar de rescatar las ense\u00f1anzas de vida y la escala de valores que nos legaron . El sentimiento de argentinidad es lo \u00fanico que podr\u00e1 hacer que nuestro pa\u00eds renazca y vuelva a ser una naci\u00f3n orgullosa e importante en el concierto de las naciones libres del mundo . Hace pocos d\u00edas coincidi\u00f3 la llegada a nuestras manos de un manifiesto del Grupo de Scouts \u201cMonse\u00f1or Miguel Angel Aleman\u201d impulsando que el D\u00eda del Padre sea celebrado cada 24 de agosto, por ser la fecha del nacimiento de Merceditas de San Mart\u00edn, en honor al Libertador de Am\u00e9rica y Padre de la Patria ; con la lectura casual del significado del festejo del D\u00eda del Padre en el tercer domingo de junio . Ese tercer domingo de junio est\u00e1 muy lejos de tener alguna relaci\u00f3n con nuestro pa\u00eds. Es simplemente la copia de la fecha que en 1966, el presidente de los Estados Unidos Lyndon Johnson estableci\u00f3 para que se festejara en aquel pa\u00eds el D\u00eda del Padre de los norteamericanos en homenaje a John Bruce Dodd, considerado padre ejemplar por haber cuidado nueve hijos. Que incre\u00edble se\u00f1or presidente, hasta en eso nos dejamos avasallar. Antes en nuestra patria otras eran las posturas. Haciendo un poco de historia vemos que en 1953, la profesora Luc\u00eda Zuloaga de Garc\u00eda Sada, present\u00f3 ante la Direcci\u00f3n General de Escuelas de Mendoza la iniciativa de declarar el 24 de agosto como \u201cD\u00eda del Padre\u201d en honor a dicho pr\u00f3cer y recordando que fue en Mendoza donde el 24 de agosto del a\u00f1o 1816, naci\u00f3 la \u00fanica hija del General San Mart\u00edn y su esposa Remedios de Escalada cuando el General se encontraba en plena formaci\u00f3n del ej\u00e9rcito de Los Andes que dar\u00eda la libertad a Chile y al Per\u00fa, asegurando as\u00ed la independencia argentina. Dicha inquietud de la profesora fue aceptada por la Resoluci\u00f3n N\u00ba 192 T- 53 de la citada Direcci\u00f3n. Despu\u00e9s de tres a\u00f1os de tr\u00e1mites la profesora Zuloaga consigui\u00f3 que el consejo de Educaci\u00f3n de la Naci\u00f3n resolviera afirmativamente el proyecto y dispusiera la inclusi\u00f3n de la celebraci\u00f3n el 24 de agosto \u201cD\u00eda del Padre\u201d, en el Calendario Escolar de todo el pa\u00eds seg\u00fan expediente N 84056\/56. El Consejo Nacional de Educaci\u00f3n , en sesi\u00f3n N\u00ba 19 del 22 de octubre de 1956, resuelve, oficialmente instituir en el Calendario Escolar , el D\u00eda del Padre, que se conmemora el d\u00eda 24 de agosto en todos los establecimientos de la repartici\u00f3n. En 1957, el Consejo Nacional de Educaci\u00f3n omiti\u00f3 omitir la fecha en el Calendario Escolar, omisi\u00f3n que fue aprovechada por diversos grupos de comerciantes para tratar de unificar los festejos con los que ya eran conocidos como d\u00eda del padre norteamericanos y que como dijimos fueran oficializados en 1966. La batalla fue desigual se\u00f1or presidente, y terminamos los argentinos homenajeando a nuestros padres en una fecha que no tiene ning\u00fan significado para nuestra patria y cuyo origen la mayor\u00eda desconocemos. Solo en Mendoza , seg\u00fan nuestro conocimiento, se sigui\u00f3 conmemorando el 24 de agosto durante casi medio siglo habiendo sido instituido oficialmente el 30 de junio por Decreto 2119\/82 del entonces gobernador de la Provincia doctor Bonifacio Cejuela. Se\u00f1or presidente, muchos de los datos que volcamos en este proyecto nos han sido enviados desde www.marambio.aq, cuyo responsable, el se\u00f1or Fabi\u00e1n Luj\u00e1n , hijo de Juan Carlos Luj\u00e1n , quien fuera uno de los sacrificados pioneros que conformando la Patrulla Soberan\u00eda , a punta de pico y pala construyera en 1969, la pista de aterrizaje que le permiti\u00f3 a nuestras Fuerzas Armadas y cient\u00edficos acceso directo a la Base Vicecomodoro Marambio en el sector Ant\u00e1rtico Argentino. Creemos se\u00f1or presidente que tanto las luchas que llevara adelante el General San Mart\u00edn para lograr la independencia de nuestra Patria y de pa\u00edses hermanos como las m\u00e1ximas para su hija escritas en Bruselas en 1825, en pleno exilio por no poder soportar las guerras fratricidas que inundaban de sangre a nuestro pa\u00eds ,y que son un verdadero plan educativo basado en una escala de valores que conserva plena actualidad a pesar del paso de los a\u00f1os hacen que la propuesta de conmemorar el D\u00eda del Padre el 24 de agosto tenga una fuerza que trasciende los l\u00edmites de nuestra provincia y que debe ser asumida `por la Naci\u00f3n toda. Es por esto que solicitamos a nuestros pares la sanci\u00f3n del presente proyecto de [&hellip;]<\/p>\n","protected":false},"author":1,"featured_media":0,"comment_status":"closed","ping_status":"closed","sticky":false,"template":"","format":"standard","meta":{"footnotes":""},"categories":[9,29],"tags":[27,30,33],"class_list":["post-398","post","type-post","status-publish","format-standard","hentry","category-legislacion","category-proyectos","tag-diputados","tag-proyecto","tag-santa-cruz"],"_links":{"self":[{"href":"http:\/\/www.diadelpadre.org\/www\/wp-json\/wp\/v2\/posts\/398","targetHints":{"allow":["GET"]}}],"collection":[{"href":"http:\/\/www.diadelpadre.org\/www\/wp-json\/wp\/v2\/posts"}],"about":[{"href":"http:\/\/www.diadelpadre.org\/www\/wp-json\/wp\/v2\/types\/post"}],"author":[{"embeddable":true,"href":"http:\/\/www.diadelpadre.org\/www\/wp-json\/wp\/v2\/users\/1"}],"replies":[{"embeddable":true,"href":"http:\/\/www.diadelpadre.org\/www\/wp-json\/wp\/v2\/comments?post=398"}],"version-history":[{"count":0,"href":"http:\/\/www.diadelpadre.org\/www\/wp-json\/wp\/v2\/posts\/398\/revisions"}],"wp:attachment":[{"href":"http:\/\/www.diadelpadre.org\/www\/wp-json\/wp\/v2\/media?parent=398"}],"wp:term":[{"taxonomy":"category","embeddable":true,"href":"http:\/\/www.diadelpadre.org\/www\/wp-json\/wp\/v2\/categories?post=398"},{"taxonomy":"post_tag","embeddable":true,"href":"http:\/\/www.diadelpadre.org\/www\/wp-json\/wp\/v2\/tags?post=398"}],"curies":[{"name":"wp","href":"https:\/\/api.w.org\/{rel}","templated":true}]}}