{"id":391,"date":"2012-06-01T17:26:33","date_gmt":"2012-06-01T20:26:33","guid":{"rendered":"http:\/\/www.diadelpadre.org\/www\/?p=391"},"modified":"2012-06-01T17:27:41","modified_gmt":"2012-06-01T20:27:41","slug":"com70801","status":"publish","type":"post","link":"http:\/\/www.diadelpadre.org\/www\/com70801\/","title":{"rendered":"Comunicaci\u00f3n 708\/01"},"content":{"rendered":"<p><strong>APROBACI\u00d3N EN EL SENADO DE LA NACION DEL PROYECTO SOBRE<br \/>\n24 DE AGOSTO D\u00cdA DEL PADRE<\/strong><\/p>\n<p>De organizaciones y agrupaciones del Pa\u00eds se ha venido realizando presentaciones en distintos niveles de la Administraci\u00f3n Publica Nacional, como la Presidencia de la Naci\u00f3n, ambas C\u00e1maras del Congreso y la Jefatura de Gabinetes de Ministros, entre otros para lograr que sea declarado como D\u00eda del Padre en la Rep\u00fablica Argentina, el 24 de Agosto, en conmemoraci\u00f3n del nacimiento de Mercedes Tomasa, la hija del General Don Jos\u00e9 de San Mart\u00edn.<\/p>\n<p>Las presentaciones realizadas ante la Jefatura de Gabinete, fue girada a la C\u00e1mara de Senadores de la Naci\u00f3n con fecha 12 de Octubre de 2001, y luego de su paso por la Comisi\u00f3n de Interior y Justicia de dicha C\u00e1mara (ingreso el 12\/10\/01 y egreso el 13\/11\/01), fue aprobada por el Senado en la sesi\u00f3n del d\u00eda 16 de Noviembre de 2001. El Proyecto ha sido girado a la C\u00e1mara de Diputados para su sanci\u00f3n.<\/p>\n<p>Los datos del Proyecto son los siguientes:<\/p>\n<p>Origen: Poder Ejecutivo Nacional (Jefatura de Gabinete)<br \/>\nN\u00famero de Proyecto: 708\/01<br \/>\nTipo de Proyecto: Comunicaci\u00f3n del Poder Ejecutivo.<\/p>\n<p>Es el momento para que todos nos unamos a fin de conseguir que se aprobado por la C\u00e1mara de Diputados y no solo rindamos un merecido homenaje al Padre de la Patria, sino que celebrar\u00edamos el D\u00eda del Padre en una fecha relacionada con la Argentina y no impuesta desde otros pa\u00edses.<\/p>\n<p>Mensaje. Sepan disculpar las molestias.<\/p>\n","protected":false},"excerpt":{"rendered":"<p>APROBACI\u00d3N EN EL SENADO DE LA NACION DEL PROYECTO SOBRE 24 DE AGOSTO D\u00cdA DEL PADRE De organizaciones y agrupaciones del Pa\u00eds se ha venido realizando presentaciones en distintos niveles de la Administraci\u00f3n Publica Nacional, como la Presidencia de la Naci\u00f3n, ambas C\u00e1maras del Congreso y la Jefatura de Gabinetes de Ministros, entre otros para lograr que sea declarado como D\u00eda del Padre en la Rep\u00fablica Argentina, el 24 de Agosto, en conmemoraci\u00f3n del nacimiento de Mercedes Tomasa, la hija del General Don Jos\u00e9 de San Mart\u00edn. Las presentaciones realizadas ante la Jefatura de Gabinete, fue girada a la C\u00e1mara de Senadores de la Naci\u00f3n con fecha 12 de Octubre de 2001, y luego de su paso por la Comisi\u00f3n de Interior y Justicia de dicha C\u00e1mara (ingreso el 12\/10\/01 y egreso el 13\/11\/01), fue aprobada por el Senado en la sesi\u00f3n del d\u00eda 16 de Noviembre de 2001. El Proyecto ha sido girado a la C\u00e1mara de Diputados para su sanci\u00f3n. Los datos del Proyecto son los siguientes: Origen: Poder Ejecutivo Nacional (Jefatura de Gabinete) N\u00famero de Proyecto: 708\/01 Tipo de Proyecto: Comunicaci\u00f3n del Poder Ejecutivo. Es el momento para que todos nos unamos a fin de conseguir que se aprobado por la C\u00e1mara de Diputados y no solo rindamos un merecido homenaje al Padre de la Patria, sino que celebrar\u00edamos el D\u00eda del Padre en una fecha relacionada con la Argentina y no impuesta desde otros pa\u00edses. Mensaje. Sepan disculpar las molestias.<\/p>\n","protected":false},"author":1,"featured_media":0,"comment_status":"closed","ping_status":"closed","sticky":false,"template":"","format":"standard","meta":{"footnotes":""},"categories":[31,9],"tags":[32,28],"class_list":["post-391","post","type-post","status-publish","format-standard","hentry","category-comunicaciones","category-legislacion","tag-comunicacion","tag-senadores"],"_links":{"self":[{"href":"http:\/\/www.diadelpadre.org\/www\/wp-json\/wp\/v2\/posts\/391","targetHints":{"allow":["GET"]}}],"collection":[{"href":"http:\/\/www.diadelpadre.org\/www\/wp-json\/wp\/v2\/posts"}],"about":[{"href":"http:\/\/www.diadelpadre.org\/www\/wp-json\/wp\/v2\/types\/post"}],"author":[{"embeddable":true,"href":"http:\/\/www.diadelpadre.org\/www\/wp-json\/wp\/v2\/users\/1"}],"replies":[{"embeddable":true,"href":"http:\/\/www.diadelpadre.org\/www\/wp-json\/wp\/v2\/comments?post=391"}],"version-history":[{"count":0,"href":"http:\/\/www.diadelpadre.org\/www\/wp-json\/wp\/v2\/posts\/391\/revisions"}],"wp:attachment":[{"href":"http:\/\/www.diadelpadre.org\/www\/wp-json\/wp\/v2\/media?parent=391"}],"wp:term":[{"taxonomy":"category","embeddable":true,"href":"http:\/\/www.diadelpadre.org\/www\/wp-json\/wp\/v2\/categories?post=391"},{"taxonomy":"post_tag","embeddable":true,"href":"http:\/\/www.diadelpadre.org\/www\/wp-json\/wp\/v2\/tags?post=391"}],"curies":[{"name":"wp","href":"https:\/\/api.w.org\/{rel}","templated":true}]}}