{"id":386,"date":"2012-06-01T17:24:00","date_gmt":"2012-06-01T20:24:00","guid":{"rendered":"http:\/\/www.diadelpadre.org\/www\/?p=386"},"modified":"2012-06-01T17:24:00","modified_gmt":"2012-06-01T20:24:00","slug":"prl0250d01","status":"publish","type":"post","link":"http:\/\/www.diadelpadre.org\/www\/prl0250d01\/","title":{"rendered":"Proyecto de Ley 0250-D-01"},"content":{"rendered":"<h4>Honorable C\u00e1mara de Diputados<\/h4>\n<p>Expediente: 0250-D-01<br \/>\nFecha: 05-03-2001<br \/>\nTipo: Proyecto de Ley<br \/>\nT\u00edtulo:<br \/>\nInstituir el d\u00eda 23 de agosto de cada a\u00f1o como \u00abD\u00eda del Padre\u00bb.<\/p>\n<p>Sumario:<br \/>\nMotivo: Conmemoraci\u00f3n del nacimiento de Mercedes San Mart\u00edn, hija del General Jos\u00e9 de San Mart\u00edn.<\/p>\n<p>Firmantes: Jorgel Telmo PEREZ<\/p>\n","protected":false},"excerpt":{"rendered":"<p>Honorable C\u00e1mara de Diputados Expediente: 0250-D-01 Fecha: 05-03-2001 Tipo: Proyecto de Ley T\u00edtulo: Instituir el d\u00eda 23 de agosto de cada a\u00f1o como \u00abD\u00eda del Padre\u00bb. Sumario: Motivo: Conmemoraci\u00f3n del nacimiento de Mercedes San Mart\u00edn, hija del General Jos\u00e9 de San Mart\u00edn. Firmantes: Jorgel Telmo PEREZ<\/p>\n","protected":false},"author":1,"featured_media":0,"comment_status":"closed","ping_status":"closed","sticky":false,"template":"","format":"standard","meta":{"footnotes":""},"categories":[29],"tags":[26,27,30],"class_list":["post-386","post","type-post","status-publish","format-standard","hentry","category-proyectos","tag-camara","tag-diputados","tag-proyecto"],"_links":{"self":[{"href":"http:\/\/www.diadelpadre.org\/www\/wp-json\/wp\/v2\/posts\/386","targetHints":{"allow":["GET"]}}],"collection":[{"href":"http:\/\/www.diadelpadre.org\/www\/wp-json\/wp\/v2\/posts"}],"about":[{"href":"http:\/\/www.diadelpadre.org\/www\/wp-json\/wp\/v2\/types\/post"}],"author":[{"embeddable":true,"href":"http:\/\/www.diadelpadre.org\/www\/wp-json\/wp\/v2\/users\/1"}],"replies":[{"embeddable":true,"href":"http:\/\/www.diadelpadre.org\/www\/wp-json\/wp\/v2\/comments?post=386"}],"version-history":[{"count":0,"href":"http:\/\/www.diadelpadre.org\/www\/wp-json\/wp\/v2\/posts\/386\/revisions"}],"wp:attachment":[{"href":"http:\/\/www.diadelpadre.org\/www\/wp-json\/wp\/v2\/media?parent=386"}],"wp:term":[{"taxonomy":"category","embeddable":true,"href":"http:\/\/www.diadelpadre.org\/www\/wp-json\/wp\/v2\/categories?post=386"},{"taxonomy":"post_tag","embeddable":true,"href":"http:\/\/www.diadelpadre.org\/www\/wp-json\/wp\/v2\/tags?post=386"}],"curies":[{"name":"wp","href":"https:\/\/api.w.org\/{rel}","templated":true}]}}