{"id":380,"date":"2012-06-01T17:21:06","date_gmt":"2012-06-01T20:21:06","guid":{"rendered":"http:\/\/www.diadelpadre.org\/www\/?p=380"},"modified":"2012-06-01T17:21:41","modified_gmt":"2012-06-01T20:21:41","slug":"prl1800s00","status":"publish","type":"post","link":"http:\/\/www.diadelpadre.org\/www\/prl1800s00\/","title":{"rendered":"Proyecto de Ley 1800-S-00"},"content":{"rendered":"<h4>Honorable Senado de la Naci\u00f3n<\/h4>\n<p>Expediente: 1800-S-00<br \/>\nFecha: 23-08-2000<br \/>\nTipo: Proyecto de Ley<br \/>\nT\u00edtulo:<br \/>\nInstituir el d\u00eda 24 de agosto, d\u00eda del natalicio de Mercedes de San Mart\u00edn, hija del General Jos\u00e9 de San Mart\u00edn, como fecha de celebraci\u00f3n del \u00abD\u00eda del Padre\u00bb.<\/p>\n<p>Firmantes: Carlos Leonardo DE LA ROSA<\/p>\n","protected":false},"excerpt":{"rendered":"<p>Honorable Senado de la Naci\u00f3n Expediente: 1800-S-00 Fecha: 23-08-2000 Tipo: Proyecto de Ley T\u00edtulo: Instituir el d\u00eda 24 de agosto, d\u00eda del natalicio de Mercedes de San Mart\u00edn, hija del General Jos\u00e9 de San Mart\u00edn, como fecha de celebraci\u00f3n del \u00abD\u00eda del Padre\u00bb. Firmantes: Carlos Leonardo DE LA ROSA<\/p>\n","protected":false},"author":1,"featured_media":0,"comment_status":"closed","ping_status":"closed","sticky":false,"template":"","format":"standard","meta":{"footnotes":""},"categories":[9,29],"tags":[17,30,28],"class_list":["post-380","post","type-post","status-publish","format-standard","hentry","category-legislacion","category-proyectos","tag-nacional","tag-proyecto","tag-senadores"],"_links":{"self":[{"href":"http:\/\/www.diadelpadre.org\/www\/wp-json\/wp\/v2\/posts\/380","targetHints":{"allow":["GET"]}}],"collection":[{"href":"http:\/\/www.diadelpadre.org\/www\/wp-json\/wp\/v2\/posts"}],"about":[{"href":"http:\/\/www.diadelpadre.org\/www\/wp-json\/wp\/v2\/types\/post"}],"author":[{"embeddable":true,"href":"http:\/\/www.diadelpadre.org\/www\/wp-json\/wp\/v2\/users\/1"}],"replies":[{"embeddable":true,"href":"http:\/\/www.diadelpadre.org\/www\/wp-json\/wp\/v2\/comments?post=380"}],"version-history":[{"count":0,"href":"http:\/\/www.diadelpadre.org\/www\/wp-json\/wp\/v2\/posts\/380\/revisions"}],"wp:attachment":[{"href":"http:\/\/www.diadelpadre.org\/www\/wp-json\/wp\/v2\/media?parent=380"}],"wp:term":[{"taxonomy":"category","embeddable":true,"href":"http:\/\/www.diadelpadre.org\/www\/wp-json\/wp\/v2\/categories?post=380"},{"taxonomy":"post_tag","embeddable":true,"href":"http:\/\/www.diadelpadre.org\/www\/wp-json\/wp\/v2\/tags?post=380"}],"curies":[{"name":"wp","href":"https:\/\/api.w.org\/{rel}","templated":true}]}}