{"id":373,"date":"2012-06-01T17:18:08","date_gmt":"2012-06-01T20:18:08","guid":{"rendered":"http:\/\/www.diadelpadre.org\/www\/?p=373"},"modified":"2012-06-01T17:19:44","modified_gmt":"2012-06-01T20:19:44","slug":"prl4830d00","status":"publish","type":"post","link":"http:\/\/www.diadelpadre.org\/www\/prl4830d00\/","title":{"rendered":"Proyecto de Ley 4830-D-00"},"content":{"rendered":"<h4>Honorable C\u00e1mara de Diputados<\/h4>\n<p>Expediente: 4830-D-00<br \/>\nFecha: 11-08-2000<br \/>\nTipo: Proyecto de Ley<br \/>\nT\u00edtulo:<br \/>\nInstituir como \u00abD\u00eda del Padre\u00bb en todo el pa\u00eds, el 24 de agosto de cada a\u00f1o.<\/p>\n<p>Sumario:<br \/>\nLos homenajes realizados ese d\u00eda ser\u00edan destinados a la figura del General Don Jos\u00e9 de San Mart\u00edn, quien fuera padre de Mercedes Tomasa, el 24 de agosto de 1816.<\/p>\n<p>Firmantes: Jorgel Telmo PEREZ<\/p>\n","protected":false},"excerpt":{"rendered":"<p>Honorable C\u00e1mara de Diputados Expediente: 4830-D-00 Fecha: 11-08-2000 Tipo: Proyecto de Ley T\u00edtulo: Instituir como \u00abD\u00eda del Padre\u00bb en todo el pa\u00eds, el 24 de agosto de cada a\u00f1o. Sumario: Los homenajes realizados ese d\u00eda ser\u00edan destinados a la figura del General Don Jos\u00e9 de San Mart\u00edn, quien fuera padre de Mercedes Tomasa, el 24 de agosto de 1816. Firmantes: Jorgel Telmo PEREZ<\/p>\n","protected":false},"author":1,"featured_media":0,"comment_status":"closed","ping_status":"closed","sticky":false,"template":"","format":"standard","meta":{"footnotes":""},"categories":[29],"tags":[26,27,30],"class_list":["post-373","post","type-post","status-publish","format-standard","hentry","category-proyectos","tag-camara","tag-diputados","tag-proyecto"],"_links":{"self":[{"href":"http:\/\/www.diadelpadre.org\/www\/wp-json\/wp\/v2\/posts\/373","targetHints":{"allow":["GET"]}}],"collection":[{"href":"http:\/\/www.diadelpadre.org\/www\/wp-json\/wp\/v2\/posts"}],"about":[{"href":"http:\/\/www.diadelpadre.org\/www\/wp-json\/wp\/v2\/types\/post"}],"author":[{"embeddable":true,"href":"http:\/\/www.diadelpadre.org\/www\/wp-json\/wp\/v2\/users\/1"}],"replies":[{"embeddable":true,"href":"http:\/\/www.diadelpadre.org\/www\/wp-json\/wp\/v2\/comments?post=373"}],"version-history":[{"count":0,"href":"http:\/\/www.diadelpadre.org\/www\/wp-json\/wp\/v2\/posts\/373\/revisions"}],"wp:attachment":[{"href":"http:\/\/www.diadelpadre.org\/www\/wp-json\/wp\/v2\/media?parent=373"}],"wp:term":[{"taxonomy":"category","embeddable":true,"href":"http:\/\/www.diadelpadre.org\/www\/wp-json\/wp\/v2\/categories?post=373"},{"taxonomy":"post_tag","embeddable":true,"href":"http:\/\/www.diadelpadre.org\/www\/wp-json\/wp\/v2\/tags?post=373"}],"curies":[{"name":"wp","href":"https:\/\/api.w.org\/{rel}","templated":true}]}}