{"id":360,"date":"2012-05-31T16:38:46","date_gmt":"2012-05-31T19:38:46","guid":{"rendered":"http:\/\/www.diadelpadre.org\/www\/?p=360"},"modified":"2012-05-31T16:38:46","modified_gmt":"2012-05-31T19:38:46","slug":"prl2040s03","status":"publish","type":"post","link":"http:\/\/www.diadelpadre.org\/www\/prl2040s03\/","title":{"rendered":"Proyecto de Ley 2040-S-03"},"content":{"rendered":"<h4>Senado de la Naci\u00f3n Argentina<\/h4>\n<p>Expediente: 2040-S-03<br \/>\nFecha: 11 de Septiembre de 2003<br \/>\nTipo: Proyecto de Ley<br \/>\nT\u00edtulo:<\/p>\n<p>Instituyase el d\u00eda 24 de agosto de cada a\u00f1o, como fecha de celebraci\u00f3n del D\u00eda del Padre, en homenaje al General Jos\u00e9 de San Mart\u00edn, padre de la patria y como acto de reafirmaci\u00f3n de nuestra identidad nacional.<\/p>\n<p>Firmantes: Miriam Bel\u00e9n CURLETTI &#8211; Eduardo An\u00edbal MORO<\/p>\n","protected":false},"excerpt":{"rendered":"<p>Senado de la Naci\u00f3n Argentina Expediente: 2040-S-03 Fecha: 11 de Septiembre de 2003 Tipo: Proyecto de Ley T\u00edtulo: Instituyase el d\u00eda 24 de agosto de cada a\u00f1o, como fecha de celebraci\u00f3n del D\u00eda del Padre, en homenaje al General Jos\u00e9 de San Mart\u00edn, padre de la patria y como acto de reafirmaci\u00f3n de nuestra identidad nacional. Firmantes: Miriam Bel\u00e9n CURLETTI &#8211; Eduardo An\u00edbal MORO<\/p>\n","protected":false},"author":1,"featured_media":0,"comment_status":"closed","ping_status":"closed","sticky":false,"template":"","format":"standard","meta":{"footnotes":""},"categories":[9,29],"tags":[17,30,28],"class_list":["post-360","post","type-post","status-publish","format-standard","hentry","category-legislacion","category-proyectos","tag-nacional","tag-proyecto","tag-senadores"],"_links":{"self":[{"href":"http:\/\/www.diadelpadre.org\/www\/wp-json\/wp\/v2\/posts\/360","targetHints":{"allow":["GET"]}}],"collection":[{"href":"http:\/\/www.diadelpadre.org\/www\/wp-json\/wp\/v2\/posts"}],"about":[{"href":"http:\/\/www.diadelpadre.org\/www\/wp-json\/wp\/v2\/types\/post"}],"author":[{"embeddable":true,"href":"http:\/\/www.diadelpadre.org\/www\/wp-json\/wp\/v2\/users\/1"}],"replies":[{"embeddable":true,"href":"http:\/\/www.diadelpadre.org\/www\/wp-json\/wp\/v2\/comments?post=360"}],"version-history":[{"count":0,"href":"http:\/\/www.diadelpadre.org\/www\/wp-json\/wp\/v2\/posts\/360\/revisions"}],"wp:attachment":[{"href":"http:\/\/www.diadelpadre.org\/www\/wp-json\/wp\/v2\/media?parent=360"}],"wp:term":[{"taxonomy":"category","embeddable":true,"href":"http:\/\/www.diadelpadre.org\/www\/wp-json\/wp\/v2\/categories?post=360"},{"taxonomy":"post_tag","embeddable":true,"href":"http:\/\/www.diadelpadre.org\/www\/wp-json\/wp\/v2\/tags?post=360"}],"curies":[{"name":"wp","href":"https:\/\/api.w.org\/{rel}","templated":true}]}}