{"id":353,"date":"2012-05-31T16:33:53","date_gmt":"2012-05-31T19:33:53","guid":{"rendered":"http:\/\/www.diadelpadre.org\/www\/?p=353"},"modified":"2012-05-31T16:33:53","modified_gmt":"2012-05-31T19:33:53","slug":"prl0045d09","status":"publish","type":"post","link":"http:\/\/www.diadelpadre.org\/www\/prl0045d09\/","title":{"rendered":"Proyecto de Ley 0045-D-09"},"content":{"rendered":"<h4>Honorable C\u00e1mara de Diputados de la Naci\u00f3n<\/h4>\n<p>Expediente: 0045-D-99<br \/>\nFecha: 1 de Marzo de 1999<br \/>\nTipo: Proyecto de Ley<br \/>\nT\u00edtulo: Instituir el d\u00eda 23 de agosto de cada a\u00f1o como \u00abD\u00eda del Padre\u00bb<\/p>\n<p><strong>SUMARIO<\/strong><br \/>\nMOTIVO: Conmemoraci\u00f3n del nacimiento de Mercedes San Mart\u00edn, hija del General Jos\u00e9 de San Mart\u00edn.<\/p>\n<p>Firmantes<br \/>\nJorgel Telmo PEREZ<\/p>\n","protected":false},"excerpt":{"rendered":"<p>Honorable C\u00e1mara de Diputados de la Naci\u00f3n Expediente: 0045-D-99 Fecha: 1 de Marzo de 1999 Tipo: Proyecto de Ley T\u00edtulo: Instituir el d\u00eda 23 de agosto de cada a\u00f1o como \u00abD\u00eda del Padre\u00bb SUMARIO MOTIVO: Conmemoraci\u00f3n del nacimiento de Mercedes San Mart\u00edn, hija del General Jos\u00e9 de San Mart\u00edn. Firmantes Jorgel Telmo PEREZ<\/p>\n","protected":false},"author":1,"featured_media":0,"comment_status":"closed","ping_status":"closed","sticky":false,"template":"","format":"standard","meta":{"footnotes":""},"categories":[29],"tags":[26,27,25,17,30],"class_list":["post-353","post","type-post","status-publish","format-standard","hentry","category-proyectos","tag-camara","tag-diputados","tag-ley","tag-nacional","tag-proyecto"],"_links":{"self":[{"href":"http:\/\/www.diadelpadre.org\/www\/wp-json\/wp\/v2\/posts\/353","targetHints":{"allow":["GET"]}}],"collection":[{"href":"http:\/\/www.diadelpadre.org\/www\/wp-json\/wp\/v2\/posts"}],"about":[{"href":"http:\/\/www.diadelpadre.org\/www\/wp-json\/wp\/v2\/types\/post"}],"author":[{"embeddable":true,"href":"http:\/\/www.diadelpadre.org\/www\/wp-json\/wp\/v2\/users\/1"}],"replies":[{"embeddable":true,"href":"http:\/\/www.diadelpadre.org\/www\/wp-json\/wp\/v2\/comments?post=353"}],"version-history":[{"count":0,"href":"http:\/\/www.diadelpadre.org\/www\/wp-json\/wp\/v2\/posts\/353\/revisions"}],"wp:attachment":[{"href":"http:\/\/www.diadelpadre.org\/www\/wp-json\/wp\/v2\/media?parent=353"}],"wp:term":[{"taxonomy":"category","embeddable":true,"href":"http:\/\/www.diadelpadre.org\/www\/wp-json\/wp\/v2\/categories?post=353"},{"taxonomy":"post_tag","embeddable":true,"href":"http:\/\/www.diadelpadre.org\/www\/wp-json\/wp\/v2\/tags?post=353"}],"curies":[{"name":"wp","href":"https:\/\/api.w.org\/{rel}","templated":true}]}}