{"id":347,"date":"2012-05-31T16:29:16","date_gmt":"2012-05-31T19:29:16","guid":{"rendered":"http:\/\/www.diadelpadre.org\/www\/?p=347"},"modified":"2012-05-31T16:30:53","modified_gmt":"2012-05-31T19:30:53","slug":"resmza9","status":"publish","type":"post","link":"http:\/\/www.diadelpadre.org\/www\/resmza9\/","title":{"rendered":"Resoluci\u00f3n s\/nro (1997)"},"content":{"rendered":"<h4>Honorable Senado de la Provincia de Mendoza<\/h4>\n<p><small>MENDOZA, 19 DE AGOSTO DE 1997<\/small><\/p>\n<p>El presente proyecto tiene por objeto dirigirse a los Legisladores Nacionales por Mendoza para solicitarles impulsen un proyecto de Ley estableciendo el d\u00eda 24 de agosto como \u00abD\u00cdA DEL PADRE\u00bb.<\/p>\n<p>Se trata de la fecha en que naciera la hija de nuestro Libertador, el General Jos\u00e9 de San Mart\u00edn, y como homenaje a su ejemplo de amor filial, consideramos que es la fecha apropiada puesto que responde a valores profundamentes arraigados en nuestro pueblo<\/p>\n<p>Hay antecedentes de que durante alg\u00fan tiempo se estableci\u00f3 esta fecha como D\u00eda del Padre a nivel nacional. En nuestra provincia; esta fecha se reconoci\u00f3 primero por Decreto, luego por la Ley 5131\/86. Es as\u00ed que estamos frente a la dualidad de que seg\u00fan el Calendario Escolar la celebraci\u00f3n se realiza en agosto, pero de acuerdo a los intereses comerciales, que responden a fechas for\u00e1neas, es en el mes de junio cuando se prepara ese festejo.<\/p>\n<p>Por ello consideramos que con una Ley Nacional se puede superar este inconveniente y establecer una fecha \u00fanica de celebraci\u00f3n del D\u00eda del Padre en homenaje al ejemplo y al legado que nos dej\u00f3 nuestro h\u00e9roe m\u00e1ximo de la libertar y que permanece vivo en los argentinos.<\/p>\n","protected":false},"excerpt":{"rendered":"<p>Honorable Senado de la Provincia de Mendoza MENDOZA, 19 DE AGOSTO DE 1997 El presente proyecto tiene por objeto dirigirse a los Legisladores Nacionales por Mendoza para solicitarles impulsen un proyecto de Ley estableciendo el d\u00eda 24 de agosto como \u00abD\u00cdA DEL PADRE\u00bb. Se trata de la fecha en que naciera la hija de nuestro Libertador, el General Jos\u00e9 de San Mart\u00edn, y como homenaje a su ejemplo de amor filial, consideramos que es la fecha apropiada puesto que responde a valores profundamentes arraigados en nuestro pueblo Hay antecedentes de que durante alg\u00fan tiempo se estableci\u00f3 esta fecha como D\u00eda del Padre a nivel nacional. En nuestra provincia; esta fecha se reconoci\u00f3 primero por Decreto, luego por la Ley 5131\/86. Es as\u00ed que estamos frente a la dualidad de que seg\u00fan el Calendario Escolar la celebraci\u00f3n se realiza en agosto, pero de acuerdo a los intereses comerciales, que responden a fechas for\u00e1neas, es en el mes de junio cuando se prepara ese festejo. Por ello consideramos que con una Ley Nacional se puede superar este inconveniente y establecer una fecha \u00fanica de celebraci\u00f3n del D\u00eda del Padre en homenaje al ejemplo y al legado que nos dej\u00f3 nuestro h\u00e9roe m\u00e1ximo de la libertar y que permanece vivo en los argentinos.<\/p>\n","protected":false},"author":1,"featured_media":0,"comment_status":"closed","ping_status":"closed","sticky":false,"template":"","format":"standard","meta":{"footnotes":""},"categories":[9,8],"tags":[13,14,28],"class_list":["post-347","post","type-post","status-publish","format-standard","hentry","category-legislacion","category-resoluciones","tag-mendoza","tag-resolucion","tag-senadores"],"_links":{"self":[{"href":"http:\/\/www.diadelpadre.org\/www\/wp-json\/wp\/v2\/posts\/347","targetHints":{"allow":["GET"]}}],"collection":[{"href":"http:\/\/www.diadelpadre.org\/www\/wp-json\/wp\/v2\/posts"}],"about":[{"href":"http:\/\/www.diadelpadre.org\/www\/wp-json\/wp\/v2\/types\/post"}],"author":[{"embeddable":true,"href":"http:\/\/www.diadelpadre.org\/www\/wp-json\/wp\/v2\/users\/1"}],"replies":[{"embeddable":true,"href":"http:\/\/www.diadelpadre.org\/www\/wp-json\/wp\/v2\/comments?post=347"}],"version-history":[{"count":0,"href":"http:\/\/www.diadelpadre.org\/www\/wp-json\/wp\/v2\/posts\/347\/revisions"}],"wp:attachment":[{"href":"http:\/\/www.diadelpadre.org\/www\/wp-json\/wp\/v2\/media?parent=347"}],"wp:term":[{"taxonomy":"category","embeddable":true,"href":"http:\/\/www.diadelpadre.org\/www\/wp-json\/wp\/v2\/categories?post=347"},{"taxonomy":"post_tag","embeddable":true,"href":"http:\/\/www.diadelpadre.org\/www\/wp-json\/wp\/v2\/tags?post=347"}],"curies":[{"name":"wp","href":"https:\/\/api.w.org\/{rel}","templated":true}]}}