{"id":302,"date":"2012-05-31T15:20:00","date_gmt":"2012-05-31T18:20:00","guid":{"rendered":"http:\/\/www.diadelpadre.org\/www\/?p=302"},"modified":"2012-05-31T15:34:25","modified_gmt":"2012-05-31T18:34:25","slug":"ses1956","status":"publish","type":"post","link":"http:\/\/www.diadelpadre.org\/www\/ses1956\/","title":{"rendered":"Sesi\u00f3n Nro.19"},"content":{"rendered":"<h4>Concejo Nacional de Educaci\u00f3n &#8211; Rep\u00fablica Argentina<\/h4>\n<p><small>PAGINA 112<\/small><\/p>\n<p><strong>CONSEJO NACIONAL DE EDUCACI\u00d3N<\/strong><\/p>\n<p>Sesi\u00f3n N\u00ba 19<\/p>\n<p>22 de Octubre de 1956<\/p>\n<p>[&#8230;]<br \/>\nAtento a lo aconsejado por la Comisi\u00f3n de Did\u00e1ctica se resuelve: Instituir oficialmente e incluir en el Calendario Escolar el \u201cD\u00eda del Padre\u201d que se conmemorar\u00e1 el d\u00eda 24 de agosto en todos los establecimientos dependientes de la Repartici\u00f3n.(Expte.84056\/53 \u2013 Objeto: Inclusi\u00f3n en Calendario Escolar \u201cD\u00eda del Padre\u201d.<br \/>\n[&#8230;]<\/p>\n","protected":false},"excerpt":{"rendered":"<p>Concejo Nacional de Educaci\u00f3n &#8211; Rep\u00fablica Argentina PAGINA 112 CONSEJO NACIONAL DE EDUCACI\u00d3N Sesi\u00f3n N\u00ba 19 22 de Octubre de 1956 [&#8230;] Atento a lo aconsejado por la Comisi\u00f3n de Did\u00e1ctica se resuelve: Instituir oficialmente e incluir en el Calendario Escolar el \u201cD\u00eda del Padre\u201d que se conmemorar\u00e1 el d\u00eda 24 de agosto en todos los establecimientos dependientes de la Repartici\u00f3n.(Expte.84056\/53 \u2013 Objeto: Inclusi\u00f3n en Calendario Escolar \u201cD\u00eda del Padre\u201d. [&#8230;]<\/p>\n","protected":false},"author":1,"featured_media":0,"comment_status":"closed","ping_status":"closed","sticky":false,"template":"","format":"standard","meta":{"footnotes":""},"categories":[9,15],"tags":[20,16,18,21,17,19],"class_list":["post-302","post","type-post","status-publish","format-standard","hentry","category-legislacion","category-sesiones","tag-calendario","tag-concejo","tag-educacion","tag-escolar","tag-nacional","tag-sesion"],"_links":{"self":[{"href":"http:\/\/www.diadelpadre.org\/www\/wp-json\/wp\/v2\/posts\/302","targetHints":{"allow":["GET"]}}],"collection":[{"href":"http:\/\/www.diadelpadre.org\/www\/wp-json\/wp\/v2\/posts"}],"about":[{"href":"http:\/\/www.diadelpadre.org\/www\/wp-json\/wp\/v2\/types\/post"}],"author":[{"embeddable":true,"href":"http:\/\/www.diadelpadre.org\/www\/wp-json\/wp\/v2\/users\/1"}],"replies":[{"embeddable":true,"href":"http:\/\/www.diadelpadre.org\/www\/wp-json\/wp\/v2\/comments?post=302"}],"version-history":[{"count":0,"href":"http:\/\/www.diadelpadre.org\/www\/wp-json\/wp\/v2\/posts\/302\/revisions"}],"wp:attachment":[{"href":"http:\/\/www.diadelpadre.org\/www\/wp-json\/wp\/v2\/media?parent=302"}],"wp:term":[{"taxonomy":"category","embeddable":true,"href":"http:\/\/www.diadelpadre.org\/www\/wp-json\/wp\/v2\/categories?post=302"},{"taxonomy":"post_tag","embeddable":true,"href":"http:\/\/www.diadelpadre.org\/www\/wp-json\/wp\/v2\/tags?post=302"}],"curies":[{"name":"wp","href":"https:\/\/api.w.org\/{rel}","templated":true}]}}